{"id":38077,"date":"2023-02-13T19:12:10","date_gmt":"2023-02-13T22:12:10","guid":{"rendered":"https:\/\/concertacaoamazonia.com.br\/?p=38077"},"modified":"2023-02-13T19:12:17","modified_gmt":"2023-02-13T22:12:17","slug":"ana-toni-e-escolhida-para-chefiar-secretaria-nacional-de-mudancas-do-clima","status":"publish","type":"post","link":"https:\/\/concertacaoamazonia.com.br\/en\/2023\/02\/13\/ana-toni-e-escolhida-para-chefiar-secretaria-nacional-de-mudancas-do-clima\/","title":{"rendered":"Ana Toni \u00e9 escolhida para chefiar Secretaria Nacional de Mudan\u00e7as do Clima"},"content":{"rendered":"\n<p>Cientista pol\u00edtica tem longa trajet\u00f3ria em pol\u00edticas p\u00fablicas e ambiente e aceitou convite da ministra Marina Silva<\/p>\n","protected":false},"excerpt":{"rendered":"<p>A diretora do iCS (Instituto Clima e Sociedade), Ana Toni, foi escolhida para chefiar a Secretaria Nacional de Mudan\u00e7as do Clima do Minist\u00e9rio do Meio Ambiente e Mudan\u00e7a do Clima<\/p>\n","protected":false},"author":226,"featured_media":38082,"comment_status":"closed","ping_status":"closed","sticky":false,"template":"","format":"standard","meta":{"footnotes":""},"categories":[28],"tags":[],"veiculo":[1871],"ano":[1902],"eixos":[],"class_list":["post-38077","post","type-post","status-publish","format-standard","has-post-thumbnail","hentry","category-artigo-externo","veiculo-folha-de-sao-paulo-en-2"],"_links":{"self":[{"href":"https:\/\/concertacaoamazonia.com.br\/en\/wp-json\/wp\/v2\/posts\/38077","targetHints":{"allow":["GET"]}}],"collection":[{"href":"https:\/\/concertacaoamazonia.com.br\/en\/wp-json\/wp\/v2\/posts"}],"about":[{"href":"https:\/\/concertacaoamazonia.com.br\/en\/wp-json\/wp\/v2\/types\/post"}],"author":[{"embeddable":true,"href":"https:\/\/concertacaoamazonia.com.br\/en\/wp-json\/wp\/v2\/users\/226"}],"replies":[{"embeddable":true,"href":"https:\/\/concertacaoamazonia.com.br\/en\/wp-json\/wp\/v2\/comments?post=38077"}],"version-history":[{"count":0,"href":"https:\/\/concertacaoamazonia.com.br\/en\/wp-json\/wp\/v2\/posts\/38077\/revisions"}],"wp:featuredmedia":[{"embeddable":true,"href":"https:\/\/concertacaoamazonia.com.br\/en\/wp-json\/wp\/v2\/media\/38082"}],"wp:attachment":[{"href":"https:\/\/concertacaoamazonia.com.br\/en\/wp-json\/wp\/v2\/media?parent=38077"}],"wp:term":[{"taxonomy":"category","embeddable":true,"href":"https:\/\/concertacaoamazonia.com.br\/en\/wp-json\/wp\/v2\/categories?post=38077"},{"taxonomy":"post_tag","embeddable":true,"href":"https:\/\/concertacaoamazonia.com.br\/en\/wp-json\/wp\/v2\/tags?post=38077"},{"taxonomy":"veiculo","embeddable":true,"href":"https:\/\/concertacaoamazonia.com.br\/en\/wp-json\/wp\/v2\/veiculo?post=38077"},{"taxonomy":"ano","embeddable":true,"href":"https:\/\/concertacaoamazonia.com.br\/en\/wp-json\/wp\/v2\/ano?post=38077"},{"taxonomy":"eixos","embeddable":true,"href":"https:\/\/concertacaoamazonia.com.br\/en\/wp-json\/wp\/v2\/eixos?post=38077"}],"curies":[{"name":"wp","href":"https:\/\/api.w.org\/{rel}","templated":true}]}}