{"id":37902,"date":"2023-02-03T17:22:51","date_gmt":"2023-02-03T20:22:51","guid":{"rendered":"https:\/\/concertacaoamazonia.com.br\/?p=37902"},"modified":"2023-02-03T17:23:00","modified_gmt":"2023-02-03T20:23:00","slug":"plano-preve-dividir-amazonia-em-5-areas-de-desenvolvimento","status":"publish","type":"post","link":"https:\/\/concertacaoamazonia.com.br\/en\/2023\/02\/03\/plano-preve-dividir-amazonia-em-5-areas-de-desenvolvimento\/","title":{"rendered":"Plano prev\u00ea dividir Amaz\u00f4nia em 5 \u00e1reas de desenvolvimento"},"content":{"rendered":"\n<p>Pesquisadores prop\u00f5em que planos de desenvolvimento e restaura\u00e7\u00e3o da Amaz\u00f4nia reconhe\u00e7am que h\u00e1 macroregi\u00f5es com demandas e desafios muito distintos<\/p>\n","protected":false},"excerpt":{"rendered":"<p>Pesquisadores prop\u00f5em que planos de desenvolvimento e restaura\u00e7\u00e3o da Amaz\u00f4nia reconhe\u00e7am que h\u00e1 macroregi\u00f5es com demandas e desafios muito distintos<\/p>\n","protected":false},"author":226,"featured_media":37905,"comment_status":"closed","ping_status":"closed","sticky":false,"template":"","format":"standard","meta":{"footnotes":""},"categories":[28],"tags":[],"veiculo":[1873],"ano":[1902],"eixos":[],"class_list":["post-37902","post","type-post","status-publish","format-standard","has-post-thumbnail","hentry","category-artigo-externo","veiculo-valor-economico-en-2"],"_links":{"self":[{"href":"https:\/\/concertacaoamazonia.com.br\/en\/wp-json\/wp\/v2\/posts\/37902","targetHints":{"allow":["GET"]}}],"collection":[{"href":"https:\/\/concertacaoamazonia.com.br\/en\/wp-json\/wp\/v2\/posts"}],"about":[{"href":"https:\/\/concertacaoamazonia.com.br\/en\/wp-json\/wp\/v2\/types\/post"}],"author":[{"embeddable":true,"href":"https:\/\/concertacaoamazonia.com.br\/en\/wp-json\/wp\/v2\/users\/226"}],"replies":[{"embeddable":true,"href":"https:\/\/concertacaoamazonia.com.br\/en\/wp-json\/wp\/v2\/comments?post=37902"}],"version-history":[{"count":0,"href":"https:\/\/concertacaoamazonia.com.br\/en\/wp-json\/wp\/v2\/posts\/37902\/revisions"}],"wp:featuredmedia":[{"embeddable":true,"href":"https:\/\/concertacaoamazonia.com.br\/en\/wp-json\/wp\/v2\/media\/37905"}],"wp:attachment":[{"href":"https:\/\/concertacaoamazonia.com.br\/en\/wp-json\/wp\/v2\/media?parent=37902"}],"wp:term":[{"taxonomy":"category","embeddable":true,"href":"https:\/\/concertacaoamazonia.com.br\/en\/wp-json\/wp\/v2\/categories?post=37902"},{"taxonomy":"post_tag","embeddable":true,"href":"https:\/\/concertacaoamazonia.com.br\/en\/wp-json\/wp\/v2\/tags?post=37902"},{"taxonomy":"veiculo","embeddable":true,"href":"https:\/\/concertacaoamazonia.com.br\/en\/wp-json\/wp\/v2\/veiculo?post=37902"},{"taxonomy":"ano","embeddable":true,"href":"https:\/\/concertacaoamazonia.com.br\/en\/wp-json\/wp\/v2\/ano?post=37902"},{"taxonomy":"eixos","embeddable":true,"href":"https:\/\/concertacaoamazonia.com.br\/en\/wp-json\/wp\/v2\/eixos?post=37902"}],"curies":[{"name":"wp","href":"https:\/\/api.w.org\/{rel}","templated":true}]}}