{"id":37491,"date":"2023-01-23T13:39:24","date_gmt":"2023-01-23T16:39:24","guid":{"rendered":"https:\/\/concertacaoamazonia.com.br\/?p=37491"},"modified":"2023-01-23T14:36:13","modified_gmt":"2023-01-23T17:36:13","slug":"oportunidade-de-trabalho-no-gt-de-juventudes-da-concertacao","status":"publish","type":"post","link":"https:\/\/concertacaoamazonia.com.br\/en\/2023\/01\/23\/oportunidade-de-trabalho-no-gt-de-juventudes-da-concertacao\/","title":{"rendered":"Oportunidade de trabalho no GT de Juventudes da Concerta\u00e7\u00e3o!"},"content":{"rendered":"\n<p>O GT de Juventudes est\u00e1 em busca de uma pessoa para a coordena\u00e7\u00e3o das a\u00e7\u00f5es do grupo em 2023. Com inscri\u00e7\u00f5es abertas at\u00e9 31\/01, a vaga \u00e9 destinada a jovens de at\u00e9 35 anos, residentes da Amaz\u00f4nia Legal. O trabalho \u00e9 remoto, com possibilidade de eventuais viagens.&nbsp;<\/p>\n\n\n\n<p>O objetivo do GT \u00e9 ouvir, inserir e representar as diferentes vozes das juventudes nas discuss\u00f5es sobre o presente e o futuro da Amaz\u00f4nia. \u00c9 um espa\u00e7o de articula\u00e7\u00e3o e empoderamento das diversas juventudes do territ\u00f3rio amaz\u00f4nico, atuando de forma transversal, consultiva e construtiva em todas as frentes de atua\u00e7\u00e3o da rede da Concerta\u00e7\u00e3o.<\/p>\n\n\n\n<p>Entre os desafios previstos para o grupo em 2023, teremos o lan\u00e7amento de um edital para apoiar iniciativas de organiza\u00e7\u00f5es lideradas por jovens da Amaz\u00f4nia Legal, a realiza\u00e7\u00e3o de um encontro dos jovens do GT e a promo\u00e7\u00e3o de outras a\u00e7\u00f5es que possam colaborar para o desenvolvimento do territ\u00f3rio e das juventudes amaz\u00f4nidas.<\/p>\n\n\n\n<p>Prezamos pela diversidade e encorajamos a candidatura de jovens amaz\u00f4nidas, mulheres, pessoas negras, LGBTQIAP+, PCDs, pessoas integrantes de comunidades ribeirinhas ou quilombolas, de etnias sub-representadas e todas as pessoas que se sentirem aptas para a vaga.<\/p>\n\n\n\n<p>Para saber mais sobre a vaga, acesse: <a href=\"https:\/\/bit.ly\/CoordenacaoGTJuventudes%20\" rel=\"noreferrer noopener\" target=\"_blank\">https:\/\/bit.ly\/CoordenacaoGTJuventudes<\/a><\/p>\n\n\n\n<p>Inscri\u00e7\u00f5es podem ser feitas at\u00e9 o dia 31\/01 no formul\u00e1rio:<\/p>\n\n\n\n<p><a href=\"https:\/\/bit.ly\/GTdeJuventudes2023\">https:\/\/bit.ly\/GTdeJuventudes2023<\/a><\/p>\n","protected":false},"excerpt":{"rendered":"<p>O GT de Juventudes est\u00e1 em busca de uma pessoa para a coordena\u00e7\u00e3o das a\u00e7\u00f5es do grupo em 2023. Com inscri\u00e7\u00f5es abertas at\u00e9 31\/01, a vaga \u00e9 destinada a jovens de at\u00e9 35 anos, residentes da Amaz\u00f4nia Legal. O trabalho \u00e9 remoto, com possibilidade de eventuais viagens.\u00a0<\/p>\n<p>O objetivo do GT \u00e9 ouvir, inserir e representar as diferentes vozes das juventudes nas discuss\u00f5es sobre o presente e o futuro da Amaz\u00f4nia. \u00c9 um espa\u00e7o de articula\u00e7\u00e3o e empoderamento das diversas juventudes do territ\u00f3rio amaz\u00f4nico, atuando de forma transversal, consultiva e construtiva em todas as frentes de atua\u00e7\u00e3o da rede da Concerta\u00e7\u00e3o.<\/p>\n<p>Entre os desafios previstos para o grupo em 2023, teremos o lan\u00e7amento de um edital para apoiar iniciativas de organiza\u00e7\u00f5es lideradas por jovens da Amaz\u00f4nia Legal, a realiza\u00e7\u00e3o de um encontro dos jovens do GT e a promo\u00e7\u00e3o de outras a\u00e7\u00f5es que possam colaborar para o desenvolvimento do territ\u00f3rio e das juventudes amaz\u00f4nidas.<\/p>\n<p>Prezamos pela diversidade e encorajamos a candidatura de jovens amaz\u00f4nidas, mulheres, pessoas negras, LGBTQIAP+, PCDs, pessoas integrantes de comunidades ribeirinhas ou quilombolas, de etnias sub-representadas e todas as pessoas que se sentirem aptas para a vaga.<\/p>\n<p>Para saber mais sobre a vaga, acesse: <\/p>\n","protected":false},"author":226,"featured_media":37503,"comment_status":"closed","ping_status":"closed","sticky":false,"template":"","format":"standard","meta":{"footnotes":""},"categories":[570],"tags":[],"veiculo":[822],"ano":[1902],"eixos":[],"class_list":["post-37491","post","type-post","status-publish","format-standard","has-post-thumbnail","hentry","category-article","veiculo-concertacao"],"_links":{"self":[{"href":"https:\/\/concertacaoamazonia.com.br\/en\/wp-json\/wp\/v2\/posts\/37491","targetHints":{"allow":["GET"]}}],"collection":[{"href":"https:\/\/concertacaoamazonia.com.br\/en\/wp-json\/wp\/v2\/posts"}],"about":[{"href":"https:\/\/concertacaoamazonia.com.br\/en\/wp-json\/wp\/v2\/types\/post"}],"author":[{"embeddable":true,"href":"https:\/\/concertacaoamazonia.com.br\/en\/wp-json\/wp\/v2\/users\/226"}],"replies":[{"embeddable":true,"href":"https:\/\/concertacaoamazonia.com.br\/en\/wp-json\/wp\/v2\/comments?post=37491"}],"version-history":[{"count":0,"href":"https:\/\/concertacaoamazonia.com.br\/en\/wp-json\/wp\/v2\/posts\/37491\/revisions"}],"wp:featuredmedia":[{"embeddable":true,"href":"https:\/\/concertacaoamazonia.com.br\/en\/wp-json\/wp\/v2\/media\/37503"}],"wp:attachment":[{"href":"https:\/\/concertacaoamazonia.com.br\/en\/wp-json\/wp\/v2\/media?parent=37491"}],"wp:term":[{"taxonomy":"category","embeddable":true,"href":"https:\/\/concertacaoamazonia.com.br\/en\/wp-json\/wp\/v2\/categories?post=37491"},{"taxonomy":"post_tag","embeddable":true,"href":"https:\/\/concertacaoamazonia.com.br\/en\/wp-json\/wp\/v2\/tags?post=37491"},{"taxonomy":"veiculo","embeddable":true,"href":"https:\/\/concertacaoamazonia.com.br\/en\/wp-json\/wp\/v2\/veiculo?post=37491"},{"taxonomy":"ano","embeddable":true,"href":"https:\/\/concertacaoamazonia.com.br\/en\/wp-json\/wp\/v2\/ano?post=37491"},{"taxonomy":"eixos","embeddable":true,"href":"https:\/\/concertacaoamazonia.com.br\/en\/wp-json\/wp\/v2\/eixos?post=37491"}],"curies":[{"name":"wp","href":"https:\/\/api.w.org\/{rel}","templated":true}]}}