{"id":36973,"date":"2023-01-12T10:57:26","date_gmt":"2023-01-12T13:57:26","guid":{"rendered":"https:\/\/concertacaoamazonia.com.br\/?p=36973"},"modified":"2023-01-12T10:57:29","modified_gmt":"2023-01-12T13:57:29","slug":"itamaraty-formaliza-pedido-para-que-belem-seja-sede-da-cop-em-2025-afirma-presidente-lula","status":"publish","type":"post","link":"https:\/\/concertacaoamazonia.com.br\/en\/2023\/01\/12\/itamaraty-formaliza-pedido-para-que-belem-seja-sede-da-cop-em-2025-afirma-presidente-lula\/","title":{"rendered":"Itamaraty formaliza pedido para que Bel\u00e9m seja sede da COP em 2025, afirma presidente Lula"},"content":{"rendered":"\n<p>Confirma\u00e7\u00e3o do pedido foi feito pelo presidente ao governador do Par\u00e1. &#8216;Bel\u00e9m estar\u00e1 de portas abertas para debater o clima no mundo&#8217;, disse Helder Barbalho.<\/p>\n","protected":false},"excerpt":{"rendered":"<p> O Itamaraty formalizou pedido para que Bel\u00e9m  seja a sede da COP 30 em 2025. A informa\u00e7\u00e3o foi confirmada pelo presidente Lula ao governador do Par\u00e1, Helder Barbalho) , nesta quarta-feira (11\/1\/2023), em Bras\u00edlia. Assim, a capital paraense \u00e9 a candidata brasileira.   <\/p>\n","protected":false},"author":226,"featured_media":36974,"comment_status":"closed","ping_status":"closed","sticky":false,"template":"","format":"standard","meta":{"footnotes":""},"categories":[28],"tags":[],"veiculo":[714,1437],"ano":[1902],"eixos":[],"class_list":["post-36973","post","type-post","status-publish","format-standard","has-post-thumbnail","hentry","category-artigo-externo","veiculo-g1","veiculo-globo-com"],"_links":{"self":[{"href":"https:\/\/concertacaoamazonia.com.br\/en\/wp-json\/wp\/v2\/posts\/36973","targetHints":{"allow":["GET"]}}],"collection":[{"href":"https:\/\/concertacaoamazonia.com.br\/en\/wp-json\/wp\/v2\/posts"}],"about":[{"href":"https:\/\/concertacaoamazonia.com.br\/en\/wp-json\/wp\/v2\/types\/post"}],"author":[{"embeddable":true,"href":"https:\/\/concertacaoamazonia.com.br\/en\/wp-json\/wp\/v2\/users\/226"}],"replies":[{"embeddable":true,"href":"https:\/\/concertacaoamazonia.com.br\/en\/wp-json\/wp\/v2\/comments?post=36973"}],"version-history":[{"count":0,"href":"https:\/\/concertacaoamazonia.com.br\/en\/wp-json\/wp\/v2\/posts\/36973\/revisions"}],"wp:featuredmedia":[{"embeddable":true,"href":"https:\/\/concertacaoamazonia.com.br\/en\/wp-json\/wp\/v2\/media\/36974"}],"wp:attachment":[{"href":"https:\/\/concertacaoamazonia.com.br\/en\/wp-json\/wp\/v2\/media?parent=36973"}],"wp:term":[{"taxonomy":"category","embeddable":true,"href":"https:\/\/concertacaoamazonia.com.br\/en\/wp-json\/wp\/v2\/categories?post=36973"},{"taxonomy":"post_tag","embeddable":true,"href":"https:\/\/concertacaoamazonia.com.br\/en\/wp-json\/wp\/v2\/tags?post=36973"},{"taxonomy":"veiculo","embeddable":true,"href":"https:\/\/concertacaoamazonia.com.br\/en\/wp-json\/wp\/v2\/veiculo?post=36973"},{"taxonomy":"ano","embeddable":true,"href":"https:\/\/concertacaoamazonia.com.br\/en\/wp-json\/wp\/v2\/ano?post=36973"},{"taxonomy":"eixos","embeddable":true,"href":"https:\/\/concertacaoamazonia.com.br\/en\/wp-json\/wp\/v2\/eixos?post=36973"}],"curies":[{"name":"wp","href":"https:\/\/api.w.org\/{rel}","templated":true}]}}