{"id":36963,"date":"2023-01-11T18:05:36","date_gmt":"2023-01-11T21:05:36","guid":{"rendered":"https:\/\/concertacaoamazonia.com.br\/?p=36963"},"modified":"2023-01-11T18:05:39","modified_gmt":"2023-01-11T21:05:39","slug":"governador-do-para-anuncia-candidatura-de-belem-para-sediar-a-cop30-em-2025","status":"publish","type":"post","link":"https:\/\/concertacaoamazonia.com.br\/en\/2023\/01\/11\/governador-do-para-anuncia-candidatura-de-belem-para-sediar-a-cop30-em-2025\/","title":{"rendered":"Governador do Par\u00e1 anuncia candidatura de Bel\u00e9m para sediar a COP30, em 2025"},"content":{"rendered":"\n<p>O governador do Par\u00e1, Helder Barbalho (MDB), anunciou em entrevista a jornalistas nesta quarta-feira (11) que o governo de Luiz In\u00e1cio Lula da Silva (PT) formalizou a candidatura de Bel\u00e9m para sediar a COP30, que ocorrer\u00e1 em 2025.<\/p>\n","protected":false},"excerpt":{"rendered":"<p>Em novembro de 2022, durante sua participa\u00e7\u00e3o na COP27, Lula afirmou que pretendia conversar com o secret\u00e1rio-geral da Organiza\u00e7\u00e3o das Na\u00e7\u00f5es Unidas (ONU), Ant\u00f3nio Guterres, sobre a possibilidade de a COP30 ser realizada na Amaz\u00f4nia brasileira.<\/p>\n<p>A COP tem como objetivo juntar l\u00edderes de diversos pa\u00edses e atores da sociedade civil para discutir formas de desacelerar as mudan\u00e7as clim\u00e1ticas. Ela \u00e9 a maior e mais importante confer\u00eancia anual relacionada ao clima.<\/p>\n","protected":false},"author":226,"featured_media":36966,"comment_status":"closed","ping_status":"closed","sticky":false,"template":"","format":"standard","meta":{"footnotes":""},"categories":[28],"tags":[],"veiculo":[1462],"ano":[1902],"eixos":[],"class_list":["post-36963","post","type-post","status-publish","format-standard","has-post-thumbnail","hentry","category-artigo-externo","veiculo-cnn-brasil"],"_links":{"self":[{"href":"https:\/\/concertacaoamazonia.com.br\/en\/wp-json\/wp\/v2\/posts\/36963","targetHints":{"allow":["GET"]}}],"collection":[{"href":"https:\/\/concertacaoamazonia.com.br\/en\/wp-json\/wp\/v2\/posts"}],"about":[{"href":"https:\/\/concertacaoamazonia.com.br\/en\/wp-json\/wp\/v2\/types\/post"}],"author":[{"embeddable":true,"href":"https:\/\/concertacaoamazonia.com.br\/en\/wp-json\/wp\/v2\/users\/226"}],"replies":[{"embeddable":true,"href":"https:\/\/concertacaoamazonia.com.br\/en\/wp-json\/wp\/v2\/comments?post=36963"}],"version-history":[{"count":0,"href":"https:\/\/concertacaoamazonia.com.br\/en\/wp-json\/wp\/v2\/posts\/36963\/revisions"}],"wp:featuredmedia":[{"embeddable":true,"href":"https:\/\/concertacaoamazonia.com.br\/en\/wp-json\/wp\/v2\/media\/36966"}],"wp:attachment":[{"href":"https:\/\/concertacaoamazonia.com.br\/en\/wp-json\/wp\/v2\/media?parent=36963"}],"wp:term":[{"taxonomy":"category","embeddable":true,"href":"https:\/\/concertacaoamazonia.com.br\/en\/wp-json\/wp\/v2\/categories?post=36963"},{"taxonomy":"post_tag","embeddable":true,"href":"https:\/\/concertacaoamazonia.com.br\/en\/wp-json\/wp\/v2\/tags?post=36963"},{"taxonomy":"veiculo","embeddable":true,"href":"https:\/\/concertacaoamazonia.com.br\/en\/wp-json\/wp\/v2\/veiculo?post=36963"},{"taxonomy":"ano","embeddable":true,"href":"https:\/\/concertacaoamazonia.com.br\/en\/wp-json\/wp\/v2\/ano?post=36963"},{"taxonomy":"eixos","embeddable":true,"href":"https:\/\/concertacaoamazonia.com.br\/en\/wp-json\/wp\/v2\/eixos?post=36963"}],"curies":[{"name":"wp","href":"https:\/\/api.w.org\/{rel}","templated":true}]}}