{"id":36791,"date":"2022-12-14T17:08:40","date_gmt":"2022-12-14T20:08:40","guid":{"rendered":"https:\/\/concertacaoamazonia.com.br\/?p=36791"},"modified":"2022-12-20T09:21:55","modified_gmt":"2022-12-20T12:21:55","slug":"o-que-esta-em-jogo-na-cop-da-biodiversidade","status":"publish","type":"post","link":"https:\/\/concertacaoamazonia.com.br\/en\/2022\/12\/14\/o-que-esta-em-jogo-na-cop-da-biodiversidade\/","title":{"rendered":"O que est\u00e1 em jogo na COP da Biodiversidade"},"content":{"rendered":"\n<p><em>A COP 15 traz grandes expectativas, mas tamb\u00e9m certo ceticismo, pois as negocia\u00e7\u00f5es podem se arrastar em torno de pelo menos cinco pontos-chave<\/em><\/p>\n","protected":false},"excerpt":{"rendered":"<p>A 15\u00aa edi\u00e7\u00e3o da Confer\u00eancia das Partes (COP 15) da Conven\u00e7\u00e3o sobre Diversidade Biol\u00f3gica (CDB), que ocorre neste momento em Montreal, no Canad\u00e1, ter\u00e1 a chance de criar novas metas para a conserva\u00e7\u00e3o da biodiversidade do planeta, o que vem sendo chamado de \u201cMarco p\u00f3s-2020 da Conven\u00e7\u00e3o sobre Diversidade Biol\u00f3gica\u201d. As COPs da Biodiversidade s\u00e3o \u200b\u200ba arena para os governos internacionais revisarem o progresso da Conven\u00e7\u00e3o, al\u00e9m de estabelecerem novas medidas para apoiar seus objetivos (mais no quadro \u201cSaiba o que \u00e9 a COP de Biodiversidade\u201d).<\/p>\n","protected":false},"author":226,"featured_media":36794,"comment_status":"closed","ping_status":"closed","sticky":false,"template":"","format":"standard","meta":{"footnotes":""},"categories":[28],"tags":[],"veiculo":[1872],"ano":[1074],"eixos":[],"class_list":["post-36791","post","type-post","status-publish","format-standard","has-post-thumbnail","hentry","category-artigo-externo","veiculo-pagina-22-en-2"],"_links":{"self":[{"href":"https:\/\/concertacaoamazonia.com.br\/en\/wp-json\/wp\/v2\/posts\/36791","targetHints":{"allow":["GET"]}}],"collection":[{"href":"https:\/\/concertacaoamazonia.com.br\/en\/wp-json\/wp\/v2\/posts"}],"about":[{"href":"https:\/\/concertacaoamazonia.com.br\/en\/wp-json\/wp\/v2\/types\/post"}],"author":[{"embeddable":true,"href":"https:\/\/concertacaoamazonia.com.br\/en\/wp-json\/wp\/v2\/users\/226"}],"replies":[{"embeddable":true,"href":"https:\/\/concertacaoamazonia.com.br\/en\/wp-json\/wp\/v2\/comments?post=36791"}],"version-history":[{"count":0,"href":"https:\/\/concertacaoamazonia.com.br\/en\/wp-json\/wp\/v2\/posts\/36791\/revisions"}],"wp:featuredmedia":[{"embeddable":true,"href":"https:\/\/concertacaoamazonia.com.br\/en\/wp-json\/wp\/v2\/media\/36794"}],"wp:attachment":[{"href":"https:\/\/concertacaoamazonia.com.br\/en\/wp-json\/wp\/v2\/media?parent=36791"}],"wp:term":[{"taxonomy":"category","embeddable":true,"href":"https:\/\/concertacaoamazonia.com.br\/en\/wp-json\/wp\/v2\/categories?post=36791"},{"taxonomy":"post_tag","embeddable":true,"href":"https:\/\/concertacaoamazonia.com.br\/en\/wp-json\/wp\/v2\/tags?post=36791"},{"taxonomy":"veiculo","embeddable":true,"href":"https:\/\/concertacaoamazonia.com.br\/en\/wp-json\/wp\/v2\/veiculo?post=36791"},{"taxonomy":"ano","embeddable":true,"href":"https:\/\/concertacaoamazonia.com.br\/en\/wp-json\/wp\/v2\/ano?post=36791"},{"taxonomy":"eixos","embeddable":true,"href":"https:\/\/concertacaoamazonia.com.br\/en\/wp-json\/wp\/v2\/eixos?post=36791"}],"curies":[{"name":"wp","href":"https:\/\/api.w.org\/{rel}","templated":true}]}}