{"id":35701,"date":"2022-11-25T10:12:04","date_gmt":"2022-11-25T13:12:04","guid":{"rendered":"https:\/\/concertacaoamazonia.com.br\/?p=35701"},"modified":"2022-11-25T10:12:07","modified_gmt":"2022-11-25T13:12:07","slug":"cop-27-o-que-o-acordo-sobre-perdas-e-danos-tem-a-ver-com-a-amazonia-e-a-sua-biodiversidade","status":"publish","type":"post","link":"https:\/\/concertacaoamazonia.com.br\/en\/2022\/11\/25\/cop-27-o-que-o-acordo-sobre-perdas-e-danos-tem-a-ver-com-a-amazonia-e-a-sua-biodiversidade\/","title":{"rendered":"COP 27: o que o acordo sobre perdas e danos tem a ver com a Amaz\u00f4nia e a sua biodiversidade"},"content":{"rendered":"\n<p>Uma agenda de desenvolvimento para a Amaz\u00f4nia, como a lan\u00e7ada internacionalmente no evento pela iniciativa Uma Concerta\u00e7\u00e3o pela Amaz\u00f4nia, se faz mais do que necess\u00e1ria.<\/p>\n","protected":false},"excerpt":{"rendered":"<p>O inesperado acordo sobre a cria\u00e7\u00e3o de um fundo de perdas e danos na COP 27, em Sharm-El Sheikh, no Egito, acolhe um debate de mais de 30 anos sobre a responsabilidade dos pa\u00edses desenvolvidos em compensar financeiramente os mais vulner\u00e1veis pelas consequ\u00eancias j\u00e1 em curso do aquecimento global.<\/p>\n","protected":false},"author":226,"featured_media":35702,"comment_status":"closed","ping_status":"closed","sticky":false,"template":"","format":"standard","meta":{"footnotes":""},"categories":[28],"tags":[],"veiculo":[732],"ano":[1074],"eixos":[],"class_list":["post-35701","post","type-post","status-publish","format-standard","has-post-thumbnail","hentry","category-artigo-externo","veiculo-um-so-planeta-globo"],"_links":{"self":[{"href":"https:\/\/concertacaoamazonia.com.br\/en\/wp-json\/wp\/v2\/posts\/35701","targetHints":{"allow":["GET"]}}],"collection":[{"href":"https:\/\/concertacaoamazonia.com.br\/en\/wp-json\/wp\/v2\/posts"}],"about":[{"href":"https:\/\/concertacaoamazonia.com.br\/en\/wp-json\/wp\/v2\/types\/post"}],"author":[{"embeddable":true,"href":"https:\/\/concertacaoamazonia.com.br\/en\/wp-json\/wp\/v2\/users\/226"}],"replies":[{"embeddable":true,"href":"https:\/\/concertacaoamazonia.com.br\/en\/wp-json\/wp\/v2\/comments?post=35701"}],"version-history":[{"count":0,"href":"https:\/\/concertacaoamazonia.com.br\/en\/wp-json\/wp\/v2\/posts\/35701\/revisions"}],"wp:featuredmedia":[{"embeddable":true,"href":"https:\/\/concertacaoamazonia.com.br\/en\/wp-json\/wp\/v2\/media\/35702"}],"wp:attachment":[{"href":"https:\/\/concertacaoamazonia.com.br\/en\/wp-json\/wp\/v2\/media?parent=35701"}],"wp:term":[{"taxonomy":"category","embeddable":true,"href":"https:\/\/concertacaoamazonia.com.br\/en\/wp-json\/wp\/v2\/categories?post=35701"},{"taxonomy":"post_tag","embeddable":true,"href":"https:\/\/concertacaoamazonia.com.br\/en\/wp-json\/wp\/v2\/tags?post=35701"},{"taxonomy":"veiculo","embeddable":true,"href":"https:\/\/concertacaoamazonia.com.br\/en\/wp-json\/wp\/v2\/veiculo?post=35701"},{"taxonomy":"ano","embeddable":true,"href":"https:\/\/concertacaoamazonia.com.br\/en\/wp-json\/wp\/v2\/ano?post=35701"},{"taxonomy":"eixos","embeddable":true,"href":"https:\/\/concertacaoamazonia.com.br\/en\/wp-json\/wp\/v2\/eixos?post=35701"}],"curies":[{"name":"wp","href":"https:\/\/api.w.org\/{rel}","templated":true}]}}