{"id":35447,"date":"2022-11-17T16:47:33","date_gmt":"2022-11-17T19:47:33","guid":{"rendered":"https:\/\/concertacaoamazonia.com.br\/?p=35447"},"modified":"2022-11-17T16:47:36","modified_gmt":"2022-11-17T19:47:36","slug":"uma-muvuca-pelas-amazonias","status":"publish","type":"post","link":"https:\/\/concertacaoamazonia.com.br\/en\/2022\/11\/17\/uma-muvuca-pelas-amazonias\/","title":{"rendered":"Uma muvuca pelas Amaz\u00f4nias"},"content":{"rendered":"\n<p><em>Juntas e misturadas, propostas a serem adotadas nos 100 primeiros dias de governo podem semear uma agenda integrada para a regi\u00e3o,\u00a0nas esferas\u00a0federal e estadual,\u00a0dialogando tanto com o poder\u00a0executivoquanto com o\u00a0legislativo. Confira o debate sobre o documento lan\u00e7ado em outubro por Uma Concerta\u00e7\u00e3o pela Amaz\u00f4nia<\/em><\/p>\n","protected":false},"excerpt":{"rendered":"<p>Palavra de origem ind\u00edgena que significa mistura, a muvuca \u00e9 uma forma eficiente de fazer restaura\u00e7\u00e3o ecol\u00f3gica. Juntam-se sementes de variadas esp\u00e9cies, aduba\u00e7\u00e3o verde e areia para semear e terra e recompor o ecossistema em toda a sua diversidade. Uma semente vira \u00e1rvore, e o conjunto delas vira uma floresta.<\/p>\n","protected":false},"author":226,"featured_media":35450,"comment_status":"closed","ping_status":"closed","sticky":false,"template":"","format":"standard","meta":{"footnotes":""},"categories":[28],"tags":[],"veiculo":[1872],"ano":[1074],"eixos":[],"class_list":["post-35447","post","type-post","status-publish","format-standard","has-post-thumbnail","hentry","category-artigo-externo","veiculo-pagina-22-en-2"],"_links":{"self":[{"href":"https:\/\/concertacaoamazonia.com.br\/en\/wp-json\/wp\/v2\/posts\/35447","targetHints":{"allow":["GET"]}}],"collection":[{"href":"https:\/\/concertacaoamazonia.com.br\/en\/wp-json\/wp\/v2\/posts"}],"about":[{"href":"https:\/\/concertacaoamazonia.com.br\/en\/wp-json\/wp\/v2\/types\/post"}],"author":[{"embeddable":true,"href":"https:\/\/concertacaoamazonia.com.br\/en\/wp-json\/wp\/v2\/users\/226"}],"replies":[{"embeddable":true,"href":"https:\/\/concertacaoamazonia.com.br\/en\/wp-json\/wp\/v2\/comments?post=35447"}],"version-history":[{"count":0,"href":"https:\/\/concertacaoamazonia.com.br\/en\/wp-json\/wp\/v2\/posts\/35447\/revisions"}],"wp:featuredmedia":[{"embeddable":true,"href":"https:\/\/concertacaoamazonia.com.br\/en\/wp-json\/wp\/v2\/media\/35450"}],"wp:attachment":[{"href":"https:\/\/concertacaoamazonia.com.br\/en\/wp-json\/wp\/v2\/media?parent=35447"}],"wp:term":[{"taxonomy":"category","embeddable":true,"href":"https:\/\/concertacaoamazonia.com.br\/en\/wp-json\/wp\/v2\/categories?post=35447"},{"taxonomy":"post_tag","embeddable":true,"href":"https:\/\/concertacaoamazonia.com.br\/en\/wp-json\/wp\/v2\/tags?post=35447"},{"taxonomy":"veiculo","embeddable":true,"href":"https:\/\/concertacaoamazonia.com.br\/en\/wp-json\/wp\/v2\/veiculo?post=35447"},{"taxonomy":"ano","embeddable":true,"href":"https:\/\/concertacaoamazonia.com.br\/en\/wp-json\/wp\/v2\/ano?post=35447"},{"taxonomy":"eixos","embeddable":true,"href":"https:\/\/concertacaoamazonia.com.br\/en\/wp-json\/wp\/v2\/eixos?post=35447"}],"curies":[{"name":"wp","href":"https:\/\/api.w.org\/{rel}","templated":true}]}}