{"id":35113,"date":"2022-11-15T20:07:42","date_gmt":"2022-11-15T23:07:42","guid":{"rendered":"https:\/\/concertacaoamazonia.com.br\/?p=35113"},"modified":"2022-11-15T20:07:45","modified_gmt":"2022-11-15T23:07:45","slug":"diario-da-cop-lula-com-kerry-aquecimento-contratado-e-fake-news-climatica","status":"publish","type":"post","link":"https:\/\/concertacaoamazonia.com.br\/en\/2022\/11\/15\/diario-da-cop-lula-com-kerry-aquecimento-contratado-e-fake-news-climatica\/","title":{"rendered":"Di\u00e1rio da COP: Lula com Kerry, aquecimento contratado e fake news clim\u00e1tica"},"content":{"rendered":"\n<p>Not\u00edcias e bastidores direto da c\u00fapula do clima da ONU, em Sharm el-Sheikh<\/p>\n","protected":false},"excerpt":{"rendered":"<p>O presidente eleito, Luiz In\u00e1cio Lula da Silva, j\u00e1 est\u00e1 em Sharm el-Sheikh, numa resid\u00eancia oferecida pela presid\u00eancia eg\u00edpcia. Nesta ter\u00e7a-feira, Lula tem marcados encontros privados com o americano John Kerry, enviado especial do clima do governo americano, e representantes chineses, alem\u00e3es e nor<\/p>\n<p>Este trecho \u00e9 parte de conte\u00fado que pode ser compartilhado utilizando o link https:\/\/www.capitalreset.com\/diario-da-cop-lula-com-kerry-aquecimento-contratado-e-fake-news-climatica\/ ou as ferramentas oferecidas na p\u00e1gina. O conte\u00fado do Reset \u00e9 protegido pela legisla\u00e7\u00e3o brasileira sobre direito autoral. N\u00e3o reproduza o conte\u00fado sem autoriza\u00e7\u00e3o (oi@capitalreset.com). Essas regras resguardam o investimento que fazemos no jornalismo.<\/p>\n","protected":false},"author":226,"featured_media":35114,"comment_status":"closed","ping_status":"closed","sticky":false,"template":"","format":"standard","meta":{"footnotes":""},"categories":[28],"tags":[],"veiculo":[704],"ano":[],"eixos":[],"class_list":["post-35113","post","type-post","status-publish","format-standard","has-post-thumbnail","hentry","category-artigo-externo","veiculo-capital-reset"],"_links":{"self":[{"href":"https:\/\/concertacaoamazonia.com.br\/en\/wp-json\/wp\/v2\/posts\/35113","targetHints":{"allow":["GET"]}}],"collection":[{"href":"https:\/\/concertacaoamazonia.com.br\/en\/wp-json\/wp\/v2\/posts"}],"about":[{"href":"https:\/\/concertacaoamazonia.com.br\/en\/wp-json\/wp\/v2\/types\/post"}],"author":[{"embeddable":true,"href":"https:\/\/concertacaoamazonia.com.br\/en\/wp-json\/wp\/v2\/users\/226"}],"replies":[{"embeddable":true,"href":"https:\/\/concertacaoamazonia.com.br\/en\/wp-json\/wp\/v2\/comments?post=35113"}],"version-history":[{"count":0,"href":"https:\/\/concertacaoamazonia.com.br\/en\/wp-json\/wp\/v2\/posts\/35113\/revisions"}],"wp:featuredmedia":[{"embeddable":true,"href":"https:\/\/concertacaoamazonia.com.br\/en\/wp-json\/wp\/v2\/media\/35114"}],"wp:attachment":[{"href":"https:\/\/concertacaoamazonia.com.br\/en\/wp-json\/wp\/v2\/media?parent=35113"}],"wp:term":[{"taxonomy":"category","embeddable":true,"href":"https:\/\/concertacaoamazonia.com.br\/en\/wp-json\/wp\/v2\/categories?post=35113"},{"taxonomy":"post_tag","embeddable":true,"href":"https:\/\/concertacaoamazonia.com.br\/en\/wp-json\/wp\/v2\/tags?post=35113"},{"taxonomy":"veiculo","embeddable":true,"href":"https:\/\/concertacaoamazonia.com.br\/en\/wp-json\/wp\/v2\/veiculo?post=35113"},{"taxonomy":"ano","embeddable":true,"href":"https:\/\/concertacaoamazonia.com.br\/en\/wp-json\/wp\/v2\/ano?post=35113"},{"taxonomy":"eixos","embeddable":true,"href":"https:\/\/concertacaoamazonia.com.br\/en\/wp-json\/wp\/v2\/eixos?post=35113"}],"curies":[{"name":"wp","href":"https:\/\/api.w.org\/{rel}","templated":true}]}}