{"id":35063,"date":"2022-11-15T14:15:31","date_gmt":"2022-11-15T17:15:31","guid":{"rendered":"https:\/\/concertacaoamazonia.com.br\/?p=35063"},"modified":"2022-12-20T09:26:38","modified_gmt":"2022-12-20T12:26:38","slug":"um-plano-para-a-amazonia-nos-100-primeiros-dias-de-governo-2","status":"publish","type":"post","link":"https:\/\/concertacaoamazonia.com.br\/en\/2022\/11\/15\/um-plano-para-a-amazonia-nos-100-primeiros-dias-de-governo-2\/","title":{"rendered":"Um plano para a Amaz\u00f4nia nos 100 primeiros dias de governo"},"content":{"rendered":"\n<p>A iniciativa Uma Concerta\u00e7\u00e3o pela Amaz\u00f4nia construiu um plano para a regi\u00e3o, que \u00e9 resultado de um intenso processo de escuta junto a especialistas das mais diversas \u00e1reas e com grande representatividade de atores locais<\/p>\n","protected":false},"excerpt":{"rendered":"<p>A defini\u00e7\u00e3o de uma disputa eleitoral, mais do que uma linha de chegada, marca o in\u00edcio de uma jornada. Acabamos de reafirmar nas urnas nosso pacto democr\u00e1tico. E, agora, ao renovar nossos sonhos de pa\u00eds, \u00e9 hora de lembrar que a defesa de um Brasil soberano come\u00e7a no cuidado e na prote\u00e7\u00e3o dos nossos recursos. Isso inclui nossa gente, nossas florestas, nossa biodiversidade, nossa riqueza \u00e9tnico-racial e sociocultural.<\/p>\n","protected":false},"author":226,"featured_media":35066,"comment_status":"closed","ping_status":"closed","sticky":false,"template":"","format":"standard","meta":{"footnotes":""},"categories":[28],"tags":[],"veiculo":[732],"ano":[1074],"eixos":[],"class_list":["post-35063","post","type-post","status-publish","format-standard","has-post-thumbnail","hentry","category-artigo-externo","veiculo-um-so-planeta-globo"],"_links":{"self":[{"href":"https:\/\/concertacaoamazonia.com.br\/en\/wp-json\/wp\/v2\/posts\/35063","targetHints":{"allow":["GET"]}}],"collection":[{"href":"https:\/\/concertacaoamazonia.com.br\/en\/wp-json\/wp\/v2\/posts"}],"about":[{"href":"https:\/\/concertacaoamazonia.com.br\/en\/wp-json\/wp\/v2\/types\/post"}],"author":[{"embeddable":true,"href":"https:\/\/concertacaoamazonia.com.br\/en\/wp-json\/wp\/v2\/users\/226"}],"replies":[{"embeddable":true,"href":"https:\/\/concertacaoamazonia.com.br\/en\/wp-json\/wp\/v2\/comments?post=35063"}],"version-history":[{"count":0,"href":"https:\/\/concertacaoamazonia.com.br\/en\/wp-json\/wp\/v2\/posts\/35063\/revisions"}],"wp:featuredmedia":[{"embeddable":true,"href":"https:\/\/concertacaoamazonia.com.br\/en\/wp-json\/wp\/v2\/media\/35066"}],"wp:attachment":[{"href":"https:\/\/concertacaoamazonia.com.br\/en\/wp-json\/wp\/v2\/media?parent=35063"}],"wp:term":[{"taxonomy":"category","embeddable":true,"href":"https:\/\/concertacaoamazonia.com.br\/en\/wp-json\/wp\/v2\/categories?post=35063"},{"taxonomy":"post_tag","embeddable":true,"href":"https:\/\/concertacaoamazonia.com.br\/en\/wp-json\/wp\/v2\/tags?post=35063"},{"taxonomy":"veiculo","embeddable":true,"href":"https:\/\/concertacaoamazonia.com.br\/en\/wp-json\/wp\/v2\/veiculo?post=35063"},{"taxonomy":"ano","embeddable":true,"href":"https:\/\/concertacaoamazonia.com.br\/en\/wp-json\/wp\/v2\/ano?post=35063"},{"taxonomy":"eixos","embeddable":true,"href":"https:\/\/concertacaoamazonia.com.br\/en\/wp-json\/wp\/v2\/eixos?post=35063"}],"curies":[{"name":"wp","href":"https:\/\/api.w.org\/{rel}","templated":true}]}}