{"id":34755,"date":"2022-11-10T18:53:42","date_gmt":"2022-11-10T21:53:42","guid":{"rendered":"https:\/\/concertacaoamazonia.com.br\/?p=34755"},"modified":"2022-11-10T18:54:00","modified_gmt":"2022-11-10T21:54:00","slug":"uma-janela-aberta-ao-mundo-por-marcos-magalhaes","status":"publish","type":"post","link":"https:\/\/concertacaoamazonia.com.br\/en\/2022\/11\/10\/uma-janela-aberta-ao-mundo-por-marcos-magalhaes\/","title":{"rendered":"Uma janela aberta ao mundo (por Marcos Magalh\u00e3es)"},"content":{"rendered":"\n<p>\u201cO Brasil est\u00e1 pronto para retomar seu protagonismo na luta contra a crise clim\u00e1tica\u201d, disse Lula<\/p>\n","protected":false},"excerpt":{"rendered":"<p>Depois dos quatro anos de fortes emo\u00e7\u00f5es do governo Jair Bolsonaro, o Brasil ofereceu ao mundo no in\u00edcio da noite de domingo uma dose de serenidade. A vit\u00f3ria apertada de Lu\u00eds In\u00e1cio Lula da Silva parece ter aberto uma janela para o resto do planeta.<\/p>\n","protected":false},"author":226,"featured_media":34756,"comment_status":"closed","ping_status":"closed","sticky":false,"template":"","format":"standard","meta":{"footnotes":""},"categories":[28],"tags":[],"veiculo":[1864],"ano":[1074],"eixos":[],"class_list":["post-34755","post","type-post","status-publish","format-standard","has-post-thumbnail","hentry","category-artigo-externo","veiculo-metropoles"],"_links":{"self":[{"href":"https:\/\/concertacaoamazonia.com.br\/en\/wp-json\/wp\/v2\/posts\/34755","targetHints":{"allow":["GET"]}}],"collection":[{"href":"https:\/\/concertacaoamazonia.com.br\/en\/wp-json\/wp\/v2\/posts"}],"about":[{"href":"https:\/\/concertacaoamazonia.com.br\/en\/wp-json\/wp\/v2\/types\/post"}],"author":[{"embeddable":true,"href":"https:\/\/concertacaoamazonia.com.br\/en\/wp-json\/wp\/v2\/users\/226"}],"replies":[{"embeddable":true,"href":"https:\/\/concertacaoamazonia.com.br\/en\/wp-json\/wp\/v2\/comments?post=34755"}],"version-history":[{"count":0,"href":"https:\/\/concertacaoamazonia.com.br\/en\/wp-json\/wp\/v2\/posts\/34755\/revisions"}],"wp:featuredmedia":[{"embeddable":true,"href":"https:\/\/concertacaoamazonia.com.br\/en\/wp-json\/wp\/v2\/media\/34756"}],"wp:attachment":[{"href":"https:\/\/concertacaoamazonia.com.br\/en\/wp-json\/wp\/v2\/media?parent=34755"}],"wp:term":[{"taxonomy":"category","embeddable":true,"href":"https:\/\/concertacaoamazonia.com.br\/en\/wp-json\/wp\/v2\/categories?post=34755"},{"taxonomy":"post_tag","embeddable":true,"href":"https:\/\/concertacaoamazonia.com.br\/en\/wp-json\/wp\/v2\/tags?post=34755"},{"taxonomy":"veiculo","embeddable":true,"href":"https:\/\/concertacaoamazonia.com.br\/en\/wp-json\/wp\/v2\/veiculo?post=34755"},{"taxonomy":"ano","embeddable":true,"href":"https:\/\/concertacaoamazonia.com.br\/en\/wp-json\/wp\/v2\/ano?post=34755"},{"taxonomy":"eixos","embeddable":true,"href":"https:\/\/concertacaoamazonia.com.br\/en\/wp-json\/wp\/v2\/eixos?post=34755"}],"curies":[{"name":"wp","href":"https:\/\/api.w.org\/{rel}","templated":true}]}}