{"id":34708,"date":"2022-11-10T18:24:00","date_gmt":"2022-11-10T21:24:00","guid":{"rendered":"https:\/\/concertacaoamazonia.com.br\/?p=34708"},"modified":"2022-11-10T18:24:03","modified_gmt":"2022-11-10T21:24:03","slug":"em-vez-de-chantagem-brasil-fara-historia-na-cop27-diz-marina-silva-11","status":"publish","type":"post","link":"https:\/\/concertacaoamazonia.com.br\/en\/2022\/11\/10\/em-vez-de-chantagem-brasil-fara-historia-na-cop27-diz-marina-silva-11\/","title":{"rendered":"Em vez de chantagem, Brasil far\u00e1 hist\u00f3ria na COP27, diz Marina Silva"},"content":{"rendered":"\n<p>Cotada para voltar ao Minist\u00e9rio do Meio Ambiente, ela prop\u00f5e guinada na posi\u00e7\u00e3o brasileira nas negocia\u00e7\u00f5es da ONU, onde Lula j\u00e1 deve atuar como futuro presidente<\/p>\n","protected":false},"excerpt":{"rendered":"<p>Para compartilhar esse conte\u00fado, por favor utilize o link https:\/\/www1.folha.uol.com.br\/ambiente\/2022\/11\/em-vez-de-chantagem-brasil-fara-historia-na-cop27-diz-marina-silva.shtml ou as ferramentas oferecidas na p\u00e1gina. Textos, fotos, artes e v\u00eddeos da Folha est\u00e3o protegidos pela legisla\u00e7\u00e3o brasileira sobre direito autoral. N\u00e3o reproduza o conte\u00fado do jornal em qualquer meio de comunica\u00e7\u00e3o, eletr\u00f4nico ou impresso, sem autoriza\u00e7\u00e3o da Folhapress (pesquisa@folhapress.com.br). As regras t\u00eam como objetivo proteger o investimento que a Folha faz na qualidade de seu jornalismo. Se precisa copiar trecho de texto da Folha para uso privado, por favor logue-se como assinante ou cadastrado.<\/p>\n","protected":false},"author":226,"featured_media":34709,"comment_status":"closed","ping_status":"closed","sticky":false,"template":"","format":"standard","meta":{"footnotes":""},"categories":[28],"tags":[],"veiculo":[1871],"ano":[1074],"eixos":[],"class_list":["post-34708","post","type-post","status-publish","format-standard","has-post-thumbnail","hentry","category-artigo-externo","veiculo-folha-de-sao-paulo-en-2"],"_links":{"self":[{"href":"https:\/\/concertacaoamazonia.com.br\/en\/wp-json\/wp\/v2\/posts\/34708","targetHints":{"allow":["GET"]}}],"collection":[{"href":"https:\/\/concertacaoamazonia.com.br\/en\/wp-json\/wp\/v2\/posts"}],"about":[{"href":"https:\/\/concertacaoamazonia.com.br\/en\/wp-json\/wp\/v2\/types\/post"}],"author":[{"embeddable":true,"href":"https:\/\/concertacaoamazonia.com.br\/en\/wp-json\/wp\/v2\/users\/226"}],"replies":[{"embeddable":true,"href":"https:\/\/concertacaoamazonia.com.br\/en\/wp-json\/wp\/v2\/comments?post=34708"}],"version-history":[{"count":0,"href":"https:\/\/concertacaoamazonia.com.br\/en\/wp-json\/wp\/v2\/posts\/34708\/revisions"}],"wp:featuredmedia":[{"embeddable":true,"href":"https:\/\/concertacaoamazonia.com.br\/en\/wp-json\/wp\/v2\/media\/34709"}],"wp:attachment":[{"href":"https:\/\/concertacaoamazonia.com.br\/en\/wp-json\/wp\/v2\/media?parent=34708"}],"wp:term":[{"taxonomy":"category","embeddable":true,"href":"https:\/\/concertacaoamazonia.com.br\/en\/wp-json\/wp\/v2\/categories?post=34708"},{"taxonomy":"post_tag","embeddable":true,"href":"https:\/\/concertacaoamazonia.com.br\/en\/wp-json\/wp\/v2\/tags?post=34708"},{"taxonomy":"veiculo","embeddable":true,"href":"https:\/\/concertacaoamazonia.com.br\/en\/wp-json\/wp\/v2\/veiculo?post=34708"},{"taxonomy":"ano","embeddable":true,"href":"https:\/\/concertacaoamazonia.com.br\/en\/wp-json\/wp\/v2\/ano?post=34708"},{"taxonomy":"eixos","embeddable":true,"href":"https:\/\/concertacaoamazonia.com.br\/en\/wp-json\/wp\/v2\/eixos?post=34708"}],"curies":[{"name":"wp","href":"https:\/\/api.w.org\/{rel}","templated":true}]}}