{"id":34660,"date":"2022-11-10T17:46:53","date_gmt":"2022-11-10T20:46:53","guid":{"rendered":"https:\/\/concertacaoamazonia.com.br\/?p=34660"},"modified":"2022-11-10T17:46:56","modified_gmt":"2022-11-10T20:46:56","slug":"em-vez-de-chantagem-brasil-fara-historia-na-cop27-diz-marina-silva-4","status":"publish","type":"post","link":"https:\/\/concertacaoamazonia.com.br\/en\/2022\/11\/10\/em-vez-de-chantagem-brasil-fara-historia-na-cop27-diz-marina-silva-4\/","title":{"rendered":"Em vez de chantagem, Brasil far\u00e1 hist\u00f3ria na COP27, diz Marina Silva"},"content":{"rendered":"\n<p>Marina deve participar da COP27, confer\u00eancia da ONU sobre mudan\u00e7as clim\u00e1ticas, assim como o presidente eleito Luiz In\u00e1cio Lula da Silva.<\/p>\n","protected":false},"excerpt":{"rendered":"<p>A quest\u00e3o clim\u00e1tica agora \u00e9 uma prioridade estrat\u00e9gica do mais alto n\u00edvel de governo&#8221;, diz a ex-ministra do Meio Ambiente Marina Silva. Em entrevista exclusiva nesta quarta-feira (2) ela adiantou a mudan\u00e7a de rumo na posi\u00e7\u00e3o brasileira sobre a crise do clima, que passa por negocia\u00e7\u00f5es diplom\u00e1ticas nas pr\u00f3ximas duas semanas em Sharm el-Sheik, no Egito.<\/p>\n","protected":false},"author":226,"featured_media":34663,"comment_status":"closed","ping_status":"closed","sticky":false,"template":"","format":"standard","meta":{"footnotes":""},"categories":[28],"tags":[],"veiculo":[1857],"ano":[1074],"eixos":[],"class_list":["post-34660","post","type-post","status-publish","format-standard","has-post-thumbnail","hentry","category-artigo-externo","veiculo-toda-hora"],"_links":{"self":[{"href":"https:\/\/concertacaoamazonia.com.br\/en\/wp-json\/wp\/v2\/posts\/34660","targetHints":{"allow":["GET"]}}],"collection":[{"href":"https:\/\/concertacaoamazonia.com.br\/en\/wp-json\/wp\/v2\/posts"}],"about":[{"href":"https:\/\/concertacaoamazonia.com.br\/en\/wp-json\/wp\/v2\/types\/post"}],"author":[{"embeddable":true,"href":"https:\/\/concertacaoamazonia.com.br\/en\/wp-json\/wp\/v2\/users\/226"}],"replies":[{"embeddable":true,"href":"https:\/\/concertacaoamazonia.com.br\/en\/wp-json\/wp\/v2\/comments?post=34660"}],"version-history":[{"count":0,"href":"https:\/\/concertacaoamazonia.com.br\/en\/wp-json\/wp\/v2\/posts\/34660\/revisions"}],"wp:featuredmedia":[{"embeddable":true,"href":"https:\/\/concertacaoamazonia.com.br\/en\/wp-json\/wp\/v2\/media\/34663"}],"wp:attachment":[{"href":"https:\/\/concertacaoamazonia.com.br\/en\/wp-json\/wp\/v2\/media?parent=34660"}],"wp:term":[{"taxonomy":"category","embeddable":true,"href":"https:\/\/concertacaoamazonia.com.br\/en\/wp-json\/wp\/v2\/categories?post=34660"},{"taxonomy":"post_tag","embeddable":true,"href":"https:\/\/concertacaoamazonia.com.br\/en\/wp-json\/wp\/v2\/tags?post=34660"},{"taxonomy":"veiculo","embeddable":true,"href":"https:\/\/concertacaoamazonia.com.br\/en\/wp-json\/wp\/v2\/veiculo?post=34660"},{"taxonomy":"ano","embeddable":true,"href":"https:\/\/concertacaoamazonia.com.br\/en\/wp-json\/wp\/v2\/ano?post=34660"},{"taxonomy":"eixos","embeddable":true,"href":"https:\/\/concertacaoamazonia.com.br\/en\/wp-json\/wp\/v2\/eixos?post=34660"}],"curies":[{"name":"wp","href":"https:\/\/api.w.org\/{rel}","templated":true}]}}