{"id":34634,"date":"2022-11-10T17:30:24","date_gmt":"2022-11-10T20:30:24","guid":{"rendered":"https:\/\/concertacaoamazonia.com.br\/?p=34634"},"modified":"2022-11-10T17:30:27","modified_gmt":"2022-11-10T20:30:27","slug":"as-propostas-para-uma-area-no-governo-focada-na-crise-do-clima","status":"publish","type":"post","link":"https:\/\/concertacaoamazonia.com.br\/en\/2022\/11\/10\/as-propostas-para-uma-area-no-governo-focada-na-crise-do-clima\/","title":{"rendered":"As propostas para uma \u00e1rea no governo focada na crise do clima"},"content":{"rendered":"\n<p>Aliados de Luiz In\u00e1cio Lula da Silva prop\u00f5em a cria\u00e7\u00e3o de \u00f3rg\u00e3os para aproximar o tema da Presid\u00eancia e coordenar pol\u00edticas p\u00fablicas. Meio ambiente foi um dos destaques da campanha do petista<\/p>\n","protected":false},"excerpt":{"rendered":"<p>Luiz In\u00e1cio Lula da Silva foi eleito presidente no fim de outubro com promessas de combater o desmatamento na Amaz\u00f4nia, principal problema ambiental do Brasil, e implementar outras medidas para enfrentar a mudan\u00e7a clim\u00e1tica depois de quase quatro anos em que o assunto foi negligenciado pelo governo de Jair Bolsonaro.<\/p>\n<p>Link para mat\u00e9ria: https:\/\/www.nexojornal.com.br\/expresso\/2022\/11\/08\/As-propostas-para-uma-%C3%A1rea-no-governo-focada-na-crise-do-clima<br \/>\n\u00a9 2022 | Todos os direitos deste material s\u00e3o reservados ao NEXO JORNAL LTDA., conforme a Lei n\u00ba 9.610\/98. A sua publica\u00e7\u00e3o, redistribui\u00e7\u00e3o, transmiss\u00e3o e reescrita sem autoriza\u00e7\u00e3o pr\u00e9via \u00e9 proibida.<\/p>\n","protected":false},"author":226,"featured_media":34637,"comment_status":"closed","ping_status":"closed","sticky":false,"template":"","format":"standard","meta":{"footnotes":""},"categories":[28],"tags":[],"veiculo":[1855],"ano":[1074],"eixos":[],"class_list":["post-34634","post","type-post","status-publish","format-standard","has-post-thumbnail","hentry","category-artigo-externo","veiculo-nexo-jornal"],"_links":{"self":[{"href":"https:\/\/concertacaoamazonia.com.br\/en\/wp-json\/wp\/v2\/posts\/34634","targetHints":{"allow":["GET"]}}],"collection":[{"href":"https:\/\/concertacaoamazonia.com.br\/en\/wp-json\/wp\/v2\/posts"}],"about":[{"href":"https:\/\/concertacaoamazonia.com.br\/en\/wp-json\/wp\/v2\/types\/post"}],"author":[{"embeddable":true,"href":"https:\/\/concertacaoamazonia.com.br\/en\/wp-json\/wp\/v2\/users\/226"}],"replies":[{"embeddable":true,"href":"https:\/\/concertacaoamazonia.com.br\/en\/wp-json\/wp\/v2\/comments?post=34634"}],"version-history":[{"count":0,"href":"https:\/\/concertacaoamazonia.com.br\/en\/wp-json\/wp\/v2\/posts\/34634\/revisions"}],"wp:featuredmedia":[{"embeddable":true,"href":"https:\/\/concertacaoamazonia.com.br\/en\/wp-json\/wp\/v2\/media\/34637"}],"wp:attachment":[{"href":"https:\/\/concertacaoamazonia.com.br\/en\/wp-json\/wp\/v2\/media?parent=34634"}],"wp:term":[{"taxonomy":"category","embeddable":true,"href":"https:\/\/concertacaoamazonia.com.br\/en\/wp-json\/wp\/v2\/categories?post=34634"},{"taxonomy":"post_tag","embeddable":true,"href":"https:\/\/concertacaoamazonia.com.br\/en\/wp-json\/wp\/v2\/tags?post=34634"},{"taxonomy":"veiculo","embeddable":true,"href":"https:\/\/concertacaoamazonia.com.br\/en\/wp-json\/wp\/v2\/veiculo?post=34634"},{"taxonomy":"ano","embeddable":true,"href":"https:\/\/concertacaoamazonia.com.br\/en\/wp-json\/wp\/v2\/ano?post=34634"},{"taxonomy":"eixos","embeddable":true,"href":"https:\/\/concertacaoamazonia.com.br\/en\/wp-json\/wp\/v2\/eixos?post=34634"}],"curies":[{"name":"wp","href":"https:\/\/api.w.org\/{rel}","templated":true}]}}