{"id":34599,"date":"2022-11-10T11:52:44","date_gmt":"2022-11-10T14:52:44","guid":{"rendered":"https:\/\/concertacaoamazonia.com.br\/?p=34599"},"modified":"2022-11-10T11:52:47","modified_gmt":"2022-11-10T14:52:47","slug":"novo-governo-pode-destravar-medidas-para-protecao-da-amazonia-se-quiser","status":"publish","type":"post","link":"https:\/\/concertacaoamazonia.com.br\/en\/2022\/11\/10\/novo-governo-pode-destravar-medidas-para-protecao-da-amazonia-se-quiser\/","title":{"rendered":"Novo governo pode destravar medidas para prote\u00e7\u00e3o da Amaz\u00f4nia \u2013 se quiser"},"content":{"rendered":"\n<p>Parte importante dos retrocessos impostos pelo governo Bolsonaro \u00e0 prote\u00e7\u00e3o da Amaz\u00f4nia e do meio ambiente pode ser compensada pelo pr\u00f3ximo presidente da Rep\u00fablica nos 100 primeiros dias de gest\u00e3o. Tudo depende, claro, de quem ser\u00e1 o chefe do Executivo.<\/p>\n","protected":false},"excerpt":{"rendered":"<p>Parte importante dos retrocessos impostos pelo governo Bolsonaro \u00e0 prote\u00e7\u00e3o da Amaz\u00f4nia e do meio ambiente pode ser compensada pelo pr\u00f3ximo presidente da Rep\u00fablica nos 100 primeiros dias de gest\u00e3o. Tudo depende, claro, de quem ser\u00e1 o chefe do Executivo.<\/p>\n","protected":false},"author":226,"featured_media":32696,"comment_status":"closed","ping_status":"closed","sticky":false,"template":"","format":"standard","meta":{"footnotes":""},"categories":[28],"tags":[],"veiculo":[1850],"ano":[1074],"eixos":[],"class_list":["post-34599","post","type-post","status-publish","format-standard","has-post-thumbnail","hentry","category-artigo-externo","veiculo-clima-info"],"_links":{"self":[{"href":"https:\/\/concertacaoamazonia.com.br\/en\/wp-json\/wp\/v2\/posts\/34599","targetHints":{"allow":["GET"]}}],"collection":[{"href":"https:\/\/concertacaoamazonia.com.br\/en\/wp-json\/wp\/v2\/posts"}],"about":[{"href":"https:\/\/concertacaoamazonia.com.br\/en\/wp-json\/wp\/v2\/types\/post"}],"author":[{"embeddable":true,"href":"https:\/\/concertacaoamazonia.com.br\/en\/wp-json\/wp\/v2\/users\/226"}],"replies":[{"embeddable":true,"href":"https:\/\/concertacaoamazonia.com.br\/en\/wp-json\/wp\/v2\/comments?post=34599"}],"version-history":[{"count":0,"href":"https:\/\/concertacaoamazonia.com.br\/en\/wp-json\/wp\/v2\/posts\/34599\/revisions"}],"wp:featuredmedia":[{"embeddable":true,"href":"https:\/\/concertacaoamazonia.com.br\/en\/wp-json\/wp\/v2\/media\/32696"}],"wp:attachment":[{"href":"https:\/\/concertacaoamazonia.com.br\/en\/wp-json\/wp\/v2\/media?parent=34599"}],"wp:term":[{"taxonomy":"category","embeddable":true,"href":"https:\/\/concertacaoamazonia.com.br\/en\/wp-json\/wp\/v2\/categories?post=34599"},{"taxonomy":"post_tag","embeddable":true,"href":"https:\/\/concertacaoamazonia.com.br\/en\/wp-json\/wp\/v2\/tags?post=34599"},{"taxonomy":"veiculo","embeddable":true,"href":"https:\/\/concertacaoamazonia.com.br\/en\/wp-json\/wp\/v2\/veiculo?post=34599"},{"taxonomy":"ano","embeddable":true,"href":"https:\/\/concertacaoamazonia.com.br\/en\/wp-json\/wp\/v2\/ano?post=34599"},{"taxonomy":"eixos","embeddable":true,"href":"https:\/\/concertacaoamazonia.com.br\/en\/wp-json\/wp\/v2\/eixos?post=34599"}],"curies":[{"name":"wp","href":"https:\/\/api.w.org\/{rel}","templated":true}]}}