{"id":34498,"date":"2022-11-10T10:33:41","date_gmt":"2022-11-10T13:33:41","guid":{"rendered":"https:\/\/concertacaoamazonia.com.br\/?p=34498"},"modified":"2022-11-10T10:33:44","modified_gmt":"2022-11-10T13:33:44","slug":"organizacoes-propoem-agenda-pela-amazonia-para-futuro-governo","status":"publish","type":"post","link":"https:\/\/concertacaoamazonia.com.br\/en\/2022\/11\/10\/organizacoes-propoem-agenda-pela-amazonia-para-futuro-governo\/","title":{"rendered":"Organiza\u00e7\u00f5es prop\u00f5em agenda pela Amaz\u00f4nia para futuro governo"},"content":{"rendered":"\n<p>O pacote inclui medidas provis\u00f3rias, decretos presidenciais, resolu\u00e7\u00f5es e projetos de lei que podem ser apresentados nos primeiros 100 dias do pr\u00f3ximo mandato<\/p>\n","protected":false},"excerpt":{"rendered":"<p>Um documento de 206 p\u00e1ginas e 14 propostas centrais para o desenvolvimento sustent\u00e1vel da Amaz\u00f4nia est\u00e1 desde o dia 26, \u00e0 disposi\u00e7\u00e3o do futuro governo da Rep\u00fablica no segundo turno das elei\u00e7\u00f5es deste ano.<\/p>\n","protected":false},"author":226,"featured_media":34499,"comment_status":"closed","ping_status":"closed","sticky":false,"template":"","format":"standard","meta":{"footnotes":""},"categories":[28],"tags":[],"veiculo":[1842],"ano":[1074],"eixos":[],"class_list":["post-34498","post","type-post","status-publish","format-standard","has-post-thumbnail","hentry","category-artigo-externo","veiculo-mspost"],"_links":{"self":[{"href":"https:\/\/concertacaoamazonia.com.br\/en\/wp-json\/wp\/v2\/posts\/34498","targetHints":{"allow":["GET"]}}],"collection":[{"href":"https:\/\/concertacaoamazonia.com.br\/en\/wp-json\/wp\/v2\/posts"}],"about":[{"href":"https:\/\/concertacaoamazonia.com.br\/en\/wp-json\/wp\/v2\/types\/post"}],"author":[{"embeddable":true,"href":"https:\/\/concertacaoamazonia.com.br\/en\/wp-json\/wp\/v2\/users\/226"}],"replies":[{"embeddable":true,"href":"https:\/\/concertacaoamazonia.com.br\/en\/wp-json\/wp\/v2\/comments?post=34498"}],"version-history":[{"count":0,"href":"https:\/\/concertacaoamazonia.com.br\/en\/wp-json\/wp\/v2\/posts\/34498\/revisions"}],"wp:featuredmedia":[{"embeddable":true,"href":"https:\/\/concertacaoamazonia.com.br\/en\/wp-json\/wp\/v2\/media\/34499"}],"wp:attachment":[{"href":"https:\/\/concertacaoamazonia.com.br\/en\/wp-json\/wp\/v2\/media?parent=34498"}],"wp:term":[{"taxonomy":"category","embeddable":true,"href":"https:\/\/concertacaoamazonia.com.br\/en\/wp-json\/wp\/v2\/categories?post=34498"},{"taxonomy":"post_tag","embeddable":true,"href":"https:\/\/concertacaoamazonia.com.br\/en\/wp-json\/wp\/v2\/tags?post=34498"},{"taxonomy":"veiculo","embeddable":true,"href":"https:\/\/concertacaoamazonia.com.br\/en\/wp-json\/wp\/v2\/veiculo?post=34498"},{"taxonomy":"ano","embeddable":true,"href":"https:\/\/concertacaoamazonia.com.br\/en\/wp-json\/wp\/v2\/ano?post=34498"},{"taxonomy":"eixos","embeddable":true,"href":"https:\/\/concertacaoamazonia.com.br\/en\/wp-json\/wp\/v2\/eixos?post=34498"}],"curies":[{"name":"wp","href":"https:\/\/api.w.org\/{rel}","templated":true}]}}