{"id":34426,"date":"2022-11-10T09:57:36","date_gmt":"2022-11-10T12:57:36","guid":{"rendered":"https:\/\/concertacaoamazonia.com.br\/?p=34426"},"modified":"2022-11-10T09:57:39","modified_gmt":"2022-11-10T12:57:39","slug":"sustentabilidade-nao-pode-ser-exclusividade-da-esquerda-afirma-cientista-politica-2","status":"publish","type":"post","link":"https:\/\/concertacaoamazonia.com.br\/en\/2022\/11\/10\/sustentabilidade-nao-pode-ser-exclusividade-da-esquerda-afirma-cientista-politica-2\/","title":{"rendered":"Sustentabilidade n\u00e3o pode ser exclusividade da esquerda, afirma cientista pol\u00edtica"},"content":{"rendered":"\n<p>Para M\u00f4nica Sodr\u00e9, Diretora Executiva Rede De A\u00e7\u00e3o Pol\u00edtica Pela Sustentabilidade (RAPS), Discuss\u00f5es Sobre O Tema Devem Envolver Diferentes&#8230;<\/p>\n","protected":false},"excerpt":{"rendered":"<p>Para que a agenda da sustentabilidade avance na sociedade, o tema n\u00e3o pode ser visto como uma pauta exclusiva de pol\u00edticos de esquerda, defendeu a cientista pol\u00edtica e diretora executiva da Rede de A\u00e7\u00e3o Pol\u00edtica pela Sustentabilidade (RAPS), M\u00f4nica Sodr\u00e9. Segundo uma pesquisa da organiza\u00e7\u00e3o, junto da rede Uma Concerta\u00e7\u00e3o pela Amaz\u00f4nia, quase metade dos deputados e senadores da atual legislatura votou contra pautas ambientais, uma quest\u00e3o que deveria ser uma prioridade dos agentes pol\u00edticos.<\/p>\n","protected":false},"author":226,"featured_media":34429,"comment_status":"closed","ping_status":"closed","sticky":false,"template":"","format":"standard","meta":{"footnotes":""},"categories":[28],"tags":[],"veiculo":[1835],"ano":[1074],"eixos":[],"class_list":["post-34426","post","type-post","status-publish","format-standard","has-post-thumbnail","hentry","category-artigo-externo","veiculo-revista-baiacu"],"_links":{"self":[{"href":"https:\/\/concertacaoamazonia.com.br\/en\/wp-json\/wp\/v2\/posts\/34426","targetHints":{"allow":["GET"]}}],"collection":[{"href":"https:\/\/concertacaoamazonia.com.br\/en\/wp-json\/wp\/v2\/posts"}],"about":[{"href":"https:\/\/concertacaoamazonia.com.br\/en\/wp-json\/wp\/v2\/types\/post"}],"author":[{"embeddable":true,"href":"https:\/\/concertacaoamazonia.com.br\/en\/wp-json\/wp\/v2\/users\/226"}],"replies":[{"embeddable":true,"href":"https:\/\/concertacaoamazonia.com.br\/en\/wp-json\/wp\/v2\/comments?post=34426"}],"version-history":[{"count":0,"href":"https:\/\/concertacaoamazonia.com.br\/en\/wp-json\/wp\/v2\/posts\/34426\/revisions"}],"wp:featuredmedia":[{"embeddable":true,"href":"https:\/\/concertacaoamazonia.com.br\/en\/wp-json\/wp\/v2\/media\/34429"}],"wp:attachment":[{"href":"https:\/\/concertacaoamazonia.com.br\/en\/wp-json\/wp\/v2\/media?parent=34426"}],"wp:term":[{"taxonomy":"category","embeddable":true,"href":"https:\/\/concertacaoamazonia.com.br\/en\/wp-json\/wp\/v2\/categories?post=34426"},{"taxonomy":"post_tag","embeddable":true,"href":"https:\/\/concertacaoamazonia.com.br\/en\/wp-json\/wp\/v2\/tags?post=34426"},{"taxonomy":"veiculo","embeddable":true,"href":"https:\/\/concertacaoamazonia.com.br\/en\/wp-json\/wp\/v2\/veiculo?post=34426"},{"taxonomy":"ano","embeddable":true,"href":"https:\/\/concertacaoamazonia.com.br\/en\/wp-json\/wp\/v2\/ano?post=34426"},{"taxonomy":"eixos","embeddable":true,"href":"https:\/\/concertacaoamazonia.com.br\/en\/wp-json\/wp\/v2\/eixos?post=34426"}],"curies":[{"name":"wp","href":"https:\/\/api.w.org\/{rel}","templated":true}]}}