{"id":34408,"date":"2022-11-10T09:44:38","date_gmt":"2022-11-10T12:44:38","guid":{"rendered":"https:\/\/concertacaoamazonia.com.br\/?p=34408"},"modified":"2022-11-10T09:44:42","modified_gmt":"2022-11-10T12:44:42","slug":"para-participa-do-dialogo-sao-paulo-sobre-politicas-publicas-integradas-para-a-amazonia","status":"publish","type":"post","link":"https:\/\/concertacaoamazonia.com.br\/en\/2022\/11\/10\/para-participa-do-dialogo-sao-paulo-sobre-politicas-publicas-integradas-para-a-amazonia\/","title":{"rendered":"Par\u00e1 participa do Di\u00e1logo S\u00e3o Paulo sobre Pol\u00edticas P\u00fablicas Integradas para a Amaz\u00f4nia"},"content":{"rendered":"\n<p>O documento \u201cPrimeiros cem dias de governo: propostas para um programa incorporado para a Amaz\u00f4nia\u201d, apresentou em S\u00e3o Paulo (SP) nesta quarta-feira (26), um evento organizado pelo jornal O Estad\u00e3o de S. Paulo (Estad\u00e3o) e pela Rede de A\u00e7\u00e3o Pol\u00edtica pela Sustentabilidade (Raps). O documento, desenvolvido por meio da iniciativa \u201cUma Consulta \u00e0 Amaz\u00f4nia\u201d, apresenta pol\u00edticas p\u00fablicas e agendas para triunfar sobre as situa\u00e7\u00f5es exigentes da regi\u00e3o e de seus povos. \u00e1reas, em um programa de longo prazo para o progresso da regi\u00e3o. Secret\u00e1rio Mauro O\u2019de Almeida em seu discurso no debate em S\u00e3o Paulo<\/p>\n","protected":false},"excerpt":{"rendered":"<p>O documento \u201cPrimeiros cem dias de governo: propostas para um programa incorporado para a Amaz\u00f4nia\u201d, apresentou em S\u00e3o Paulo (SP) nesta quarta-feira (26), um evento organizado pelo jornal O Estad\u00e3o de S. Paulo (Estad\u00e3o) e pela Rede de A\u00e7\u00e3o Pol\u00edtica pela Sustentabilidade (Raps). O documento, desenvolvido por meio da iniciativa \u201cUma Consulta \u00e0 Amaz\u00f4nia\u201d, apresenta pol\u00edticas p\u00fablicas e agendas para triunfar sobre as situa\u00e7\u00f5es exigentes da regi\u00e3o e de seus povos. \u00e1reas, em um programa de longo prazo para o progresso da regi\u00e3o. Secret\u00e1rio Mauro O\u2019de Almeida em seu discurso no debate em S\u00e3o Paulo<\/p>\n","protected":false},"author":226,"featured_media":33486,"comment_status":"closed","ping_status":"closed","sticky":false,"template":"","format":"standard","meta":{"footnotes":""},"categories":[28],"tags":[],"veiculo":[1827],"ano":[1074],"eixos":[],"class_list":["post-34408","post","type-post","status-publish","format-standard","has-post-thumbnail","hentry","category-artigo-externo","veiculo-brasil-agora"],"_links":{"self":[{"href":"https:\/\/concertacaoamazonia.com.br\/en\/wp-json\/wp\/v2\/posts\/34408","targetHints":{"allow":["GET"]}}],"collection":[{"href":"https:\/\/concertacaoamazonia.com.br\/en\/wp-json\/wp\/v2\/posts"}],"about":[{"href":"https:\/\/concertacaoamazonia.com.br\/en\/wp-json\/wp\/v2\/types\/post"}],"author":[{"embeddable":true,"href":"https:\/\/concertacaoamazonia.com.br\/en\/wp-json\/wp\/v2\/users\/226"}],"replies":[{"embeddable":true,"href":"https:\/\/concertacaoamazonia.com.br\/en\/wp-json\/wp\/v2\/comments?post=34408"}],"version-history":[{"count":0,"href":"https:\/\/concertacaoamazonia.com.br\/en\/wp-json\/wp\/v2\/posts\/34408\/revisions"}],"wp:featuredmedia":[{"embeddable":true,"href":"https:\/\/concertacaoamazonia.com.br\/en\/wp-json\/wp\/v2\/media\/33486"}],"wp:attachment":[{"href":"https:\/\/concertacaoamazonia.com.br\/en\/wp-json\/wp\/v2\/media?parent=34408"}],"wp:term":[{"taxonomy":"category","embeddable":true,"href":"https:\/\/concertacaoamazonia.com.br\/en\/wp-json\/wp\/v2\/categories?post=34408"},{"taxonomy":"post_tag","embeddable":true,"href":"https:\/\/concertacaoamazonia.com.br\/en\/wp-json\/wp\/v2\/tags?post=34408"},{"taxonomy":"veiculo","embeddable":true,"href":"https:\/\/concertacaoamazonia.com.br\/en\/wp-json\/wp\/v2\/veiculo?post=34408"},{"taxonomy":"ano","embeddable":true,"href":"https:\/\/concertacaoamazonia.com.br\/en\/wp-json\/wp\/v2\/ano?post=34408"},{"taxonomy":"eixos","embeddable":true,"href":"https:\/\/concertacaoamazonia.com.br\/en\/wp-json\/wp\/v2\/eixos?post=34408"}],"curies":[{"name":"wp","href":"https:\/\/api.w.org\/{rel}","templated":true}]}}