{"id":34382,"date":"2022-11-10T09:18:39","date_gmt":"2022-11-10T12:18:39","guid":{"rendered":"https:\/\/concertacaoamazonia.com.br\/?p=34382"},"modified":"2022-11-10T11:44:38","modified_gmt":"2022-11-10T14:44:38","slug":"em-cem-dias-novo-governo-poderia-destravar-amazonia-defende-iniciativa-4","status":"publish","type":"post","link":"https:\/\/concertacaoamazonia.com.br\/en\/2022\/11\/10\/em-cem-dias-novo-governo-poderia-destravar-amazonia-defende-iniciativa-4\/","title":{"rendered":"Em cem dias, novo governo poderia \u2018destravar\u2019 Amaz\u00f4nia, defende iniciativa"},"content":{"rendered":"\n<p>O presidente a ser eleito ter\u00e1 \u00e0 m\u00e3o minutas de decretos, MPs e resolu\u00e7\u00f5es que prometem respostas imediatas para a Amaz\u00f4nia<\/p>\n","protected":false},"excerpt":{"rendered":"<p>O presidente a ser eleito no pr\u00f3ximo dia 30 ter\u00e1 \u00e0 m\u00e3o minutas de decretos, Medidas Provis\u00f3rias (MPs) e resolu\u00e7\u00f5es que prometem respostas imediatas para a Amaz\u00f4nia, dependendo apenas da canetada do Executivo.<\/p>\n","protected":false},"author":226,"featured_media":34385,"comment_status":"closed","ping_status":"closed","sticky":false,"template":"","format":"standard","meta":{"footnotes":""},"categories":[28],"tags":[],"veiculo":[1846],"ano":[1074],"eixos":[],"class_list":["post-34382","post","type-post","status-publish","format-standard","has-post-thumbnail","hentry","category-artigo-externo","veiculo-jornal-de-brasilia"],"_links":{"self":[{"href":"https:\/\/concertacaoamazonia.com.br\/en\/wp-json\/wp\/v2\/posts\/34382","targetHints":{"allow":["GET"]}}],"collection":[{"href":"https:\/\/concertacaoamazonia.com.br\/en\/wp-json\/wp\/v2\/posts"}],"about":[{"href":"https:\/\/concertacaoamazonia.com.br\/en\/wp-json\/wp\/v2\/types\/post"}],"author":[{"embeddable":true,"href":"https:\/\/concertacaoamazonia.com.br\/en\/wp-json\/wp\/v2\/users\/226"}],"replies":[{"embeddable":true,"href":"https:\/\/concertacaoamazonia.com.br\/en\/wp-json\/wp\/v2\/comments?post=34382"}],"version-history":[{"count":0,"href":"https:\/\/concertacaoamazonia.com.br\/en\/wp-json\/wp\/v2\/posts\/34382\/revisions"}],"wp:featuredmedia":[{"embeddable":true,"href":"https:\/\/concertacaoamazonia.com.br\/en\/wp-json\/wp\/v2\/media\/34385"}],"wp:attachment":[{"href":"https:\/\/concertacaoamazonia.com.br\/en\/wp-json\/wp\/v2\/media?parent=34382"}],"wp:term":[{"taxonomy":"category","embeddable":true,"href":"https:\/\/concertacaoamazonia.com.br\/en\/wp-json\/wp\/v2\/categories?post=34382"},{"taxonomy":"post_tag","embeddable":true,"href":"https:\/\/concertacaoamazonia.com.br\/en\/wp-json\/wp\/v2\/tags?post=34382"},{"taxonomy":"veiculo","embeddable":true,"href":"https:\/\/concertacaoamazonia.com.br\/en\/wp-json\/wp\/v2\/veiculo?post=34382"},{"taxonomy":"ano","embeddable":true,"href":"https:\/\/concertacaoamazonia.com.br\/en\/wp-json\/wp\/v2\/ano?post=34382"},{"taxonomy":"eixos","embeddable":true,"href":"https:\/\/concertacaoamazonia.com.br\/en\/wp-json\/wp\/v2\/eixos?post=34382"}],"curies":[{"name":"wp","href":"https:\/\/api.w.org\/{rel}","templated":true}]}}