{"id":34340,"date":"2022-11-09T18:45:25","date_gmt":"2022-11-09T21:45:25","guid":{"rendered":"https:\/\/concertacaoamazonia.com.br\/?p=34340"},"modified":"2022-11-09T18:45:28","modified_gmt":"2022-11-09T21:45:28","slug":"preservacao-da-amazonia-passa-por-inclusao-politica-da-regiao-defende-documento-2","status":"publish","type":"post","link":"https:\/\/concertacaoamazonia.com.br\/en\/2022\/11\/09\/preservacao-da-amazonia-passa-por-inclusao-politica-da-regiao-defende-documento-2\/","title":{"rendered":"Preserva\u00e7\u00e3o da Amaz\u00f4nia passa por inclus\u00e3o pol\u00edtica da regi\u00e3o, defende documento"},"content":{"rendered":"\n<p>Propostas para a regi\u00e3o amaz\u00f4nica nos primeiros 100 dias de governo foram apresentadas em evento realizado no &#8216;Estad\u00e3o&#8217;<\/p>\n","protected":false},"excerpt":{"rendered":"<p>A preserva\u00e7\u00e3o da floresta Amaz\u00f4nica passa por uma revis\u00e3o dos modelos de governan\u00e7a, da maneira como lidar com a seguran\u00e7a e pela inclus\u00e3o pol\u00edtica das popula\u00e7\u00f5es da regi\u00e3o. Esses s\u00e3o alguns dos pontos defendidos no documento &#8220;100 primeiros dias de governo: propostas para uma agenda integrada das Amaz\u00f4nias&#8221;, apresentado nesta quarta-feira, 26. As propostas trazem a\u00e7\u00f5es concretas a serem tomadas nos 100 primeiros dias de gest\u00e3o dos executivos federal e estadual, al\u00e9m do Congresso Nacional.<\/p>\n","protected":false},"author":226,"featured_media":34341,"comment_status":"closed","ping_status":"closed","sticky":false,"template":"","format":"standard","meta":{"footnotes":""},"categories":[28],"tags":[],"veiculo":[1830],"ano":[1074],"eixos":[],"class_list":["post-34340","post","type-post","status-publish","format-standard","has-post-thumbnail","hentry","category-artigo-externo","veiculo-terra"],"_links":{"self":[{"href":"https:\/\/concertacaoamazonia.com.br\/en\/wp-json\/wp\/v2\/posts\/34340","targetHints":{"allow":["GET"]}}],"collection":[{"href":"https:\/\/concertacaoamazonia.com.br\/en\/wp-json\/wp\/v2\/posts"}],"about":[{"href":"https:\/\/concertacaoamazonia.com.br\/en\/wp-json\/wp\/v2\/types\/post"}],"author":[{"embeddable":true,"href":"https:\/\/concertacaoamazonia.com.br\/en\/wp-json\/wp\/v2\/users\/226"}],"replies":[{"embeddable":true,"href":"https:\/\/concertacaoamazonia.com.br\/en\/wp-json\/wp\/v2\/comments?post=34340"}],"version-history":[{"count":0,"href":"https:\/\/concertacaoamazonia.com.br\/en\/wp-json\/wp\/v2\/posts\/34340\/revisions"}],"wp:featuredmedia":[{"embeddable":true,"href":"https:\/\/concertacaoamazonia.com.br\/en\/wp-json\/wp\/v2\/media\/34341"}],"wp:attachment":[{"href":"https:\/\/concertacaoamazonia.com.br\/en\/wp-json\/wp\/v2\/media?parent=34340"}],"wp:term":[{"taxonomy":"category","embeddable":true,"href":"https:\/\/concertacaoamazonia.com.br\/en\/wp-json\/wp\/v2\/categories?post=34340"},{"taxonomy":"post_tag","embeddable":true,"href":"https:\/\/concertacaoamazonia.com.br\/en\/wp-json\/wp\/v2\/tags?post=34340"},{"taxonomy":"veiculo","embeddable":true,"href":"https:\/\/concertacaoamazonia.com.br\/en\/wp-json\/wp\/v2\/veiculo?post=34340"},{"taxonomy":"ano","embeddable":true,"href":"https:\/\/concertacaoamazonia.com.br\/en\/wp-json\/wp\/v2\/ano?post=34340"},{"taxonomy":"eixos","embeddable":true,"href":"https:\/\/concertacaoamazonia.com.br\/en\/wp-json\/wp\/v2\/eixos?post=34340"}],"curies":[{"name":"wp","href":"https:\/\/api.w.org\/{rel}","templated":true}]}}