{"id":34314,"date":"2022-11-09T18:25:33","date_gmt":"2022-11-09T21:25:33","guid":{"rendered":"https:\/\/concertacaoamazonia.com.br\/?p=34314"},"modified":"2022-11-10T11:45:06","modified_gmt":"2022-11-10T14:45:06","slug":"em-cem-dias-novo-governo-poderia-destravar-amazonia-defende-iniciativa","status":"publish","type":"post","link":"https:\/\/concertacaoamazonia.com.br\/en\/2022\/11\/09\/em-cem-dias-novo-governo-poderia-destravar-amazonia-defende-iniciativa\/","title":{"rendered":"Em cem dias, novo governo poderia &#8216;destravar&#8217; Amaz\u00f4nia, defende iniciativa"},"content":{"rendered":"\n<p>\u00a0O presidente a ser eleito no pr\u00f3ximo dia 30 ter\u00e1 \u00e0 m\u00e3o minutas de decretos, Medidas Provis\u00f3rias (MPs) e resolu\u00e7\u00f5es que prometem respostas imediatas para a Amaz\u00f4nia, dependendo apenas da canetada do Executivo.<\/p>\n","protected":false},"excerpt":{"rendered":"<p>Publicado nesta quarta-feira (26), o conjunto de medidas foi elaborado pela rede Uma Concerta\u00e7\u00e3o pela Amaz\u00f4nia, que re\u00fane 500 lideran\u00e7as, entre pesquisadores, representantes de empresas, governos, ONGs e movimentos sociais ligados \u00e0 pauta do desenvolvimento sustent\u00e1vel para a regi\u00e3o.<\/p>\n","protected":false},"author":226,"featured_media":34317,"comment_status":"closed","ping_status":"closed","sticky":false,"template":"","format":"standard","meta":{"footnotes":""},"categories":[28],"tags":[],"veiculo":[1843],"ano":[1074],"eixos":[],"class_list":["post-34314","post","type-post","status-publish","format-standard","has-post-thumbnail","hentry","category-artigo-externo","veiculo-yahoo"],"_links":{"self":[{"href":"https:\/\/concertacaoamazonia.com.br\/en\/wp-json\/wp\/v2\/posts\/34314","targetHints":{"allow":["GET"]}}],"collection":[{"href":"https:\/\/concertacaoamazonia.com.br\/en\/wp-json\/wp\/v2\/posts"}],"about":[{"href":"https:\/\/concertacaoamazonia.com.br\/en\/wp-json\/wp\/v2\/types\/post"}],"author":[{"embeddable":true,"href":"https:\/\/concertacaoamazonia.com.br\/en\/wp-json\/wp\/v2\/users\/226"}],"replies":[{"embeddable":true,"href":"https:\/\/concertacaoamazonia.com.br\/en\/wp-json\/wp\/v2\/comments?post=34314"}],"version-history":[{"count":0,"href":"https:\/\/concertacaoamazonia.com.br\/en\/wp-json\/wp\/v2\/posts\/34314\/revisions"}],"wp:featuredmedia":[{"embeddable":true,"href":"https:\/\/concertacaoamazonia.com.br\/en\/wp-json\/wp\/v2\/media\/34317"}],"wp:attachment":[{"href":"https:\/\/concertacaoamazonia.com.br\/en\/wp-json\/wp\/v2\/media?parent=34314"}],"wp:term":[{"taxonomy":"category","embeddable":true,"href":"https:\/\/concertacaoamazonia.com.br\/en\/wp-json\/wp\/v2\/categories?post=34314"},{"taxonomy":"post_tag","embeddable":true,"href":"https:\/\/concertacaoamazonia.com.br\/en\/wp-json\/wp\/v2\/tags?post=34314"},{"taxonomy":"veiculo","embeddable":true,"href":"https:\/\/concertacaoamazonia.com.br\/en\/wp-json\/wp\/v2\/veiculo?post=34314"},{"taxonomy":"ano","embeddable":true,"href":"https:\/\/concertacaoamazonia.com.br\/en\/wp-json\/wp\/v2\/ano?post=34314"},{"taxonomy":"eixos","embeddable":true,"href":"https:\/\/concertacaoamazonia.com.br\/en\/wp-json\/wp\/v2\/eixos?post=34314"}],"curies":[{"name":"wp","href":"https:\/\/api.w.org\/{rel}","templated":true}]}}