{"id":34205,"date":"2022-11-07T13:40:49","date_gmt":"2022-11-07T16:40:49","guid":{"rendered":"https:\/\/concertacaoamazonia.com.br\/?p=34205"},"modified":"2022-11-07T13:40:51","modified_gmt":"2022-11-07T16:40:51","slug":"e-possivel-progredir-sem-degradar","status":"publish","type":"post","link":"https:\/\/concertacaoamazonia.com.br\/en\/2022\/11\/07\/e-possivel-progredir-sem-degradar\/","title":{"rendered":"\u00c9 poss\u00edvel progredir sem degradar"},"content":{"rendered":"\n<p>Propostas como a da rede Uma Concerta\u00e7\u00e3o pela Amaz\u00f4nia, que defende conciliar preserva\u00e7\u00e3o ambiental e desenvolvimento econ\u00f4mico, devem ser apoiadas pela sociedade<\/p>\n","protected":false},"excerpt":{"rendered":"<p>O Brasil tem pela frente um desafio urgente e gigantesco: preservar a Amaz\u00f4nia ao mesmo tempo que promove o desenvolvimento econ\u00f4mico da regi\u00e3o, melhorando as condi\u00e7\u00f5es de vida das popula\u00e7\u00f5es locais e al\u00e9m. A tarefa demanda iniciativas nas mais variadas \u00e1reas e se desdobra em uma infinidade de a\u00e7\u00f5es.<\/p>\n","protected":false},"author":226,"featured_media":34208,"comment_status":"closed","ping_status":"closed","sticky":false,"template":"","format":"standard","meta":{"footnotes":""},"categories":[28],"tags":[],"veiculo":[711],"ano":[1074],"eixos":[],"class_list":["post-34205","post","type-post","status-publish","format-standard","has-post-thumbnail","hentry","category-artigo-externo","veiculo-estadao"],"_links":{"self":[{"href":"https:\/\/concertacaoamazonia.com.br\/en\/wp-json\/wp\/v2\/posts\/34205","targetHints":{"allow":["GET"]}}],"collection":[{"href":"https:\/\/concertacaoamazonia.com.br\/en\/wp-json\/wp\/v2\/posts"}],"about":[{"href":"https:\/\/concertacaoamazonia.com.br\/en\/wp-json\/wp\/v2\/types\/post"}],"author":[{"embeddable":true,"href":"https:\/\/concertacaoamazonia.com.br\/en\/wp-json\/wp\/v2\/users\/226"}],"replies":[{"embeddable":true,"href":"https:\/\/concertacaoamazonia.com.br\/en\/wp-json\/wp\/v2\/comments?post=34205"}],"version-history":[{"count":0,"href":"https:\/\/concertacaoamazonia.com.br\/en\/wp-json\/wp\/v2\/posts\/34205\/revisions"}],"wp:featuredmedia":[{"embeddable":true,"href":"https:\/\/concertacaoamazonia.com.br\/en\/wp-json\/wp\/v2\/media\/34208"}],"wp:attachment":[{"href":"https:\/\/concertacaoamazonia.com.br\/en\/wp-json\/wp\/v2\/media?parent=34205"}],"wp:term":[{"taxonomy":"category","embeddable":true,"href":"https:\/\/concertacaoamazonia.com.br\/en\/wp-json\/wp\/v2\/categories?post=34205"},{"taxonomy":"post_tag","embeddable":true,"href":"https:\/\/concertacaoamazonia.com.br\/en\/wp-json\/wp\/v2\/tags?post=34205"},{"taxonomy":"veiculo","embeddable":true,"href":"https:\/\/concertacaoamazonia.com.br\/en\/wp-json\/wp\/v2\/veiculo?post=34205"},{"taxonomy":"ano","embeddable":true,"href":"https:\/\/concertacaoamazonia.com.br\/en\/wp-json\/wp\/v2\/ano?post=34205"},{"taxonomy":"eixos","embeddable":true,"href":"https:\/\/concertacaoamazonia.com.br\/en\/wp-json\/wp\/v2\/eixos?post=34205"}],"curies":[{"name":"wp","href":"https:\/\/api.w.org\/{rel}","templated":true}]}}