{"id":34197,"date":"2022-11-04T18:14:37","date_gmt":"2022-11-04T21:14:37","guid":{"rendered":"https:\/\/concertacaoamazonia.com.br\/?p=34197"},"modified":"2022-11-04T18:14:40","modified_gmt":"2022-11-04T21:14:40","slug":"brasil-esta-de-volta-ao-jogo-ambiental-apos-eleicao-de-lula-como-o-pais-chega-a-cop-27","status":"publish","type":"post","link":"https:\/\/concertacaoamazonia.com.br\/en\/2022\/11\/04\/brasil-esta-de-volta-ao-jogo-ambiental-apos-eleicao-de-lula-como-o-pais-chega-a-cop-27\/","title":{"rendered":"Brasil est\u00e1 de volta ao jogo ambiental ap\u00f3s elei\u00e7\u00e3o de Lula. Como o Pa\u00eds chega \u00e0 COP-27?"},"content":{"rendered":"\n<p>Presidente eleito para assumir em 2023 deve ir \u00e0 confer\u00eancia do clima, convidado pela ONU e pelo Egito, pa\u00eds-sede<\/p>\n","protected":false},"excerpt":{"rendered":"<p>O governador reeleito do Par\u00e1, Helder Barbalho(MDB), convidou o presidente eleito do Brasil, Luiz In\u00e1cio Lula da Silva (PT), para ir \u00e0 Confer\u00eancia das Partes sobre o Clima, a COP-27. Lula aceitou \u2013 mais tarde seria convidado tamb\u00e9m pelas Na\u00e7\u00f5es Unidas e pelo presidente Abdul Khalil El-Sisi, do Egito, pa\u00eds-sede.<\/p>\n","protected":false},"author":226,"featured_media":34200,"comment_status":"closed","ping_status":"closed","sticky":false,"template":"","format":"standard","meta":{"footnotes":""},"categories":[28],"tags":[],"veiculo":[711],"ano":[1074],"eixos":[],"class_list":["post-34197","post","type-post","status-publish","format-standard","has-post-thumbnail","hentry","category-artigo-externo","veiculo-estadao"],"_links":{"self":[{"href":"https:\/\/concertacaoamazonia.com.br\/en\/wp-json\/wp\/v2\/posts\/34197","targetHints":{"allow":["GET"]}}],"collection":[{"href":"https:\/\/concertacaoamazonia.com.br\/en\/wp-json\/wp\/v2\/posts"}],"about":[{"href":"https:\/\/concertacaoamazonia.com.br\/en\/wp-json\/wp\/v2\/types\/post"}],"author":[{"embeddable":true,"href":"https:\/\/concertacaoamazonia.com.br\/en\/wp-json\/wp\/v2\/users\/226"}],"replies":[{"embeddable":true,"href":"https:\/\/concertacaoamazonia.com.br\/en\/wp-json\/wp\/v2\/comments?post=34197"}],"version-history":[{"count":0,"href":"https:\/\/concertacaoamazonia.com.br\/en\/wp-json\/wp\/v2\/posts\/34197\/revisions"}],"wp:featuredmedia":[{"embeddable":true,"href":"https:\/\/concertacaoamazonia.com.br\/en\/wp-json\/wp\/v2\/media\/34200"}],"wp:attachment":[{"href":"https:\/\/concertacaoamazonia.com.br\/en\/wp-json\/wp\/v2\/media?parent=34197"}],"wp:term":[{"taxonomy":"category","embeddable":true,"href":"https:\/\/concertacaoamazonia.com.br\/en\/wp-json\/wp\/v2\/categories?post=34197"},{"taxonomy":"post_tag","embeddable":true,"href":"https:\/\/concertacaoamazonia.com.br\/en\/wp-json\/wp\/v2\/tags?post=34197"},{"taxonomy":"veiculo","embeddable":true,"href":"https:\/\/concertacaoamazonia.com.br\/en\/wp-json\/wp\/v2\/veiculo?post=34197"},{"taxonomy":"ano","embeddable":true,"href":"https:\/\/concertacaoamazonia.com.br\/en\/wp-json\/wp\/v2\/ano?post=34197"},{"taxonomy":"eixos","embeddable":true,"href":"https:\/\/concertacaoamazonia.com.br\/en\/wp-json\/wp\/v2\/eixos?post=34197"}],"curies":[{"name":"wp","href":"https:\/\/api.w.org\/{rel}","templated":true}]}}