{"id":34187,"date":"2022-11-03T17:40:07","date_gmt":"2022-11-03T20:40:07","guid":{"rendered":"https:\/\/concertacaoamazonia.com.br\/?p=34187"},"modified":"2022-11-03T17:40:41","modified_gmt":"2022-11-03T20:40:41","slug":"movimentos-em-redes-e-paisagens","status":"publish","type":"post","link":"https:\/\/concertacaoamazonia.com.br\/en\/2022\/11\/03\/movimentos-em-redes-e-paisagens\/","title":{"rendered":"Movimentos em redes e paisagens"},"content":{"rendered":"\n<p>A fim de lidar com os desafios contempor\u00e2neos, prop\u00f5em-se duas abordagens para a forma\u00e7\u00e3o e o funcionamento dos movimentos em rede. Uma reconhece a organicidade e o caos desses movimentos, e sugere um m\u00e9todo capaz de trazer maior efici\u00eancia. Outra \u00e9 a abordagem de paisagem, que ilumina caminhos entre racionalidade e emo\u00e7\u00e3o para lidar com a complexidade de ambientes e de grupos t\u00e3o diversos<\/p>\n","protected":false},"excerpt":{"rendered":"<p>Para enfrentar os grandes desafios contempor\u00e2neos, a sociedade vem se reinventando e se organizando de diferentes maneiras. Uma delas tem sido os movimentos em rede, baseados em uma forte articula\u00e7\u00e3o entre pares e \u00edmpares. Vive-se um momento de tamanho estresse social, ambiental e cultural que, se cada um fizer a sua parte, j\u00e1 n\u00e3o \u00e9 mais suficiente. Entendemos que s\u00f3 h\u00e1 como avan\u00e7ar em alguns temas de forma coletiva. Da\u00ed a import\u00e2ncia dos movimentos. Essa forma de agir busca ultrapassar as tradicionais hierarquias de poder, e traz para sua ess\u00eancia a import\u00e2ncia das conex\u00f5es entre diferentes atores e diferentes tem\u00e1ticas, ou seja, se baseia em um olhar sist\u00eamico e abrangente, que \u00e9 seu grande diferencial.<\/p>\n","protected":false},"author":226,"featured_media":34190,"comment_status":"closed","ping_status":"closed","sticky":false,"template":"","format":"standard","meta":{"footnotes":""},"categories":[28],"tags":[],"veiculo":[1872],"ano":[1074],"eixos":[],"class_list":["post-34187","post","type-post","status-publish","format-standard","has-post-thumbnail","hentry","category-artigo-externo","veiculo-pagina-22-en-2"],"_links":{"self":[{"href":"https:\/\/concertacaoamazonia.com.br\/en\/wp-json\/wp\/v2\/posts\/34187","targetHints":{"allow":["GET"]}}],"collection":[{"href":"https:\/\/concertacaoamazonia.com.br\/en\/wp-json\/wp\/v2\/posts"}],"about":[{"href":"https:\/\/concertacaoamazonia.com.br\/en\/wp-json\/wp\/v2\/types\/post"}],"author":[{"embeddable":true,"href":"https:\/\/concertacaoamazonia.com.br\/en\/wp-json\/wp\/v2\/users\/226"}],"replies":[{"embeddable":true,"href":"https:\/\/concertacaoamazonia.com.br\/en\/wp-json\/wp\/v2\/comments?post=34187"}],"version-history":[{"count":0,"href":"https:\/\/concertacaoamazonia.com.br\/en\/wp-json\/wp\/v2\/posts\/34187\/revisions"}],"wp:featuredmedia":[{"embeddable":true,"href":"https:\/\/concertacaoamazonia.com.br\/en\/wp-json\/wp\/v2\/media\/34190"}],"wp:attachment":[{"href":"https:\/\/concertacaoamazonia.com.br\/en\/wp-json\/wp\/v2\/media?parent=34187"}],"wp:term":[{"taxonomy":"category","embeddable":true,"href":"https:\/\/concertacaoamazonia.com.br\/en\/wp-json\/wp\/v2\/categories?post=34187"},{"taxonomy":"post_tag","embeddable":true,"href":"https:\/\/concertacaoamazonia.com.br\/en\/wp-json\/wp\/v2\/tags?post=34187"},{"taxonomy":"veiculo","embeddable":true,"href":"https:\/\/concertacaoamazonia.com.br\/en\/wp-json\/wp\/v2\/veiculo?post=34187"},{"taxonomy":"ano","embeddable":true,"href":"https:\/\/concertacaoamazonia.com.br\/en\/wp-json\/wp\/v2\/ano?post=34187"},{"taxonomy":"eixos","embeddable":true,"href":"https:\/\/concertacaoamazonia.com.br\/en\/wp-json\/wp\/v2\/eixos?post=34187"}],"curies":[{"name":"wp","href":"https:\/\/api.w.org\/{rel}","templated":true}]}}