{"id":33497,"date":"2022-10-27T19:05:14","date_gmt":"2022-10-27T22:05:14","guid":{"rendered":"https:\/\/concertacaoamazonia.com.br\/?p=33497"},"modified":"2022-10-27T19:05:16","modified_gmt":"2022-10-27T22:05:16","slug":"concertacao-pela-amazonia-propoe-ao-proximo-governo-restabelecer-programa-de-transferencia-de-renda%ef%bf%bc","status":"publish","type":"post","link":"https:\/\/concertacaoamazonia.com.br\/en\/2022\/10\/27\/concertacao-pela-amazonia-propoe-ao-proximo-governo-restabelecer-programa-de-transferencia-de-renda%ef%bf%bc\/","title":{"rendered":"Concerta\u00e7\u00e3o pela Amaz\u00f4nia prop\u00f5e ao pr\u00f3ximo governo restabelecer programa de transfer\u00eancia de renda\ufffc"},"content":{"rendered":"\n<p>A inten\u00e7\u00e3o seria beneficiar fam\u00edlias em situa\u00e7\u00e3o de extrema pobreza que vivem na floresta amaz\u00f4nica.<\/p>\n","protected":false},"excerpt":{"rendered":"<p>O novo governo federal deveria restabelecer imediatamente a pol\u00edtica de transfer\u00eancia de renda e de apoio \u00e0 conserva\u00e7\u00e3o ambiental conhecida como Programa Bolsa Verde, que \u201cintroduziu o tema da erradica\u00e7\u00e3o da pobreza nas pol\u00edticas ambientais\u201d. A Proposta \u00e9 parte do documento \u201c100 primeiros dias de governo: propostas para uma agenda integrada das Amaz\u00f4nias\u201d, que ser\u00e1 lan\u00e7ado hoje pela iniciativa Uma Concerta\u00e7\u00e3o pela Amaz\u00f4nia.<\/p>\n","protected":false},"author":226,"featured_media":33498,"comment_status":"closed","ping_status":"closed","sticky":false,"template":"","format":"standard","meta":{"footnotes":""},"categories":[28],"tags":[],"veiculo":[1828],"ano":[1074],"eixos":[],"class_list":["post-33497","post","type-post","status-publish","format-standard","has-post-thumbnail","hentry","category-artigo-externo","veiculo-18-horas"],"_links":{"self":[{"href":"https:\/\/concertacaoamazonia.com.br\/en\/wp-json\/wp\/v2\/posts\/33497","targetHints":{"allow":["GET"]}}],"collection":[{"href":"https:\/\/concertacaoamazonia.com.br\/en\/wp-json\/wp\/v2\/posts"}],"about":[{"href":"https:\/\/concertacaoamazonia.com.br\/en\/wp-json\/wp\/v2\/types\/post"}],"author":[{"embeddable":true,"href":"https:\/\/concertacaoamazonia.com.br\/en\/wp-json\/wp\/v2\/users\/226"}],"replies":[{"embeddable":true,"href":"https:\/\/concertacaoamazonia.com.br\/en\/wp-json\/wp\/v2\/comments?post=33497"}],"version-history":[{"count":0,"href":"https:\/\/concertacaoamazonia.com.br\/en\/wp-json\/wp\/v2\/posts\/33497\/revisions"}],"wp:featuredmedia":[{"embeddable":true,"href":"https:\/\/concertacaoamazonia.com.br\/en\/wp-json\/wp\/v2\/media\/33498"}],"wp:attachment":[{"href":"https:\/\/concertacaoamazonia.com.br\/en\/wp-json\/wp\/v2\/media?parent=33497"}],"wp:term":[{"taxonomy":"category","embeddable":true,"href":"https:\/\/concertacaoamazonia.com.br\/en\/wp-json\/wp\/v2\/categories?post=33497"},{"taxonomy":"post_tag","embeddable":true,"href":"https:\/\/concertacaoamazonia.com.br\/en\/wp-json\/wp\/v2\/tags?post=33497"},{"taxonomy":"veiculo","embeddable":true,"href":"https:\/\/concertacaoamazonia.com.br\/en\/wp-json\/wp\/v2\/veiculo?post=33497"},{"taxonomy":"ano","embeddable":true,"href":"https:\/\/concertacaoamazonia.com.br\/en\/wp-json\/wp\/v2\/ano?post=33497"},{"taxonomy":"eixos","embeddable":true,"href":"https:\/\/concertacaoamazonia.com.br\/en\/wp-json\/wp\/v2\/eixos?post=33497"}],"curies":[{"name":"wp","href":"https:\/\/api.w.org\/{rel}","templated":true}]}}