{"id":33491,"date":"2022-10-27T19:03:02","date_gmt":"2022-10-27T22:03:02","guid":{"rendered":"https:\/\/concertacaoamazonia.com.br\/?p=33491"},"modified":"2022-10-27T19:03:05","modified_gmt":"2022-10-27T22:03:05","slug":"evento-sobre-industria-sustentavel-na-amazonia-reune-palestrantes-nacionais-e-estrangeiros","status":"publish","type":"post","link":"https:\/\/concertacaoamazonia.com.br\/en\/2022\/10\/27\/evento-sobre-industria-sustentavel-na-amazonia-reune-palestrantes-nacionais-e-estrangeiros\/","title":{"rendered":"Evento sobre ind\u00fastria sustent\u00e1vel na Amaz\u00f4nia re\u00fane palestrantes nacionais e estrangeiros"},"content":{"rendered":"\n<p>Manaus reunir\u00e1 l\u00edderes nacionais e estrangeiros no entorno para falar sobre oportunidades e situa\u00e7\u00f5es exigentes para que o progresso da Amaz\u00f4nia influencie o ecossistema, a bioeconomia e o longo prazo da floresta com o 2\u00ba Festival de Investimentos de Impacto e Neg\u00f3cios Sustent\u00e1veis na Amaz\u00f4nia (FIINSA), nos dias 29 e 30 de novembro. no Studio Five Convention Center, localizado no distrito de Aleixo.<\/p>\n","protected":false},"excerpt":{"rendered":"<p>Manaus reunir\u00e1 l\u00edderes nacionais e estrangeiros no entorno para falar sobre oportunidades e situa\u00e7\u00f5es exigentes para que o progresso da Amaz\u00f4nia influencie o ecossistema, a bioeconomia e o longo prazo da floresta com o 2\u00ba Festival de Investimentos de Impacto e Neg\u00f3cios Sustent\u00e1veis na Amaz\u00f4nia (FIINSA), nos dias 29 e 30 de novembro. no Studio Five Convention Center, localizado no distrito de Aleixo.<\/p>\n","protected":false},"author":226,"featured_media":33492,"comment_status":"closed","ping_status":"closed","sticky":false,"template":"","format":"standard","meta":{"footnotes":""},"categories":[28],"tags":[],"veiculo":[1827],"ano":[1074],"eixos":[],"class_list":["post-33491","post","type-post","status-publish","format-standard","has-post-thumbnail","hentry","category-artigo-externo","veiculo-brasil-agora"],"_links":{"self":[{"href":"https:\/\/concertacaoamazonia.com.br\/en\/wp-json\/wp\/v2\/posts\/33491","targetHints":{"allow":["GET"]}}],"collection":[{"href":"https:\/\/concertacaoamazonia.com.br\/en\/wp-json\/wp\/v2\/posts"}],"about":[{"href":"https:\/\/concertacaoamazonia.com.br\/en\/wp-json\/wp\/v2\/types\/post"}],"author":[{"embeddable":true,"href":"https:\/\/concertacaoamazonia.com.br\/en\/wp-json\/wp\/v2\/users\/226"}],"replies":[{"embeddable":true,"href":"https:\/\/concertacaoamazonia.com.br\/en\/wp-json\/wp\/v2\/comments?post=33491"}],"version-history":[{"count":0,"href":"https:\/\/concertacaoamazonia.com.br\/en\/wp-json\/wp\/v2\/posts\/33491\/revisions"}],"wp:featuredmedia":[{"embeddable":true,"href":"https:\/\/concertacaoamazonia.com.br\/en\/wp-json\/wp\/v2\/media\/33492"}],"wp:attachment":[{"href":"https:\/\/concertacaoamazonia.com.br\/en\/wp-json\/wp\/v2\/media?parent=33491"}],"wp:term":[{"taxonomy":"category","embeddable":true,"href":"https:\/\/concertacaoamazonia.com.br\/en\/wp-json\/wp\/v2\/categories?post=33491"},{"taxonomy":"post_tag","embeddable":true,"href":"https:\/\/concertacaoamazonia.com.br\/en\/wp-json\/wp\/v2\/tags?post=33491"},{"taxonomy":"veiculo","embeddable":true,"href":"https:\/\/concertacaoamazonia.com.br\/en\/wp-json\/wp\/v2\/veiculo?post=33491"},{"taxonomy":"ano","embeddable":true,"href":"https:\/\/concertacaoamazonia.com.br\/en\/wp-json\/wp\/v2\/ano?post=33491"},{"taxonomy":"eixos","embeddable":true,"href":"https:\/\/concertacaoamazonia.com.br\/en\/wp-json\/wp\/v2\/eixos?post=33491"}],"curies":[{"name":"wp","href":"https:\/\/api.w.org\/{rel}","templated":true}]}}