{"id":33479,"date":"2022-10-27T18:58:32","date_gmt":"2022-10-27T21:58:32","guid":{"rendered":"https:\/\/concertacaoamazonia.com.br\/?p=33479"},"modified":"2022-10-27T18:58:34","modified_gmt":"2022-10-27T21:58:34","slug":"proposta-de-agenda-pela-amazonia-e-apresentada-por-organizacoes-para-100-primeiros-dias-do-proximo-governo-amazonia%ef%bf%bc%ef%bf%bc","status":"publish","type":"post","link":"https:\/\/concertacaoamazonia.com.br\/en\/2022\/10\/27\/proposta-de-agenda-pela-amazonia-e-apresentada-por-organizacoes-para-100-primeiros-dias-do-proximo-governo-amazonia%ef%bf%bc%ef%bf%bc\/","title":{"rendered":"Proposta de agenda pela Amaz\u00f4nia \u00e9 apresentada por organiza\u00e7\u00f5es, para 100 primeiros dias do pr\u00f3ximo governo Amaz\u00f4nia\ufffc\ufffc"},"content":{"rendered":"\n<p>Documento foi coordenado pela rede &#8220;Uma Concerta\u00e7\u00e3o pela Amaz\u00f4nia&#8221;, que re\u00fane mais de 500 lideran\u00e7as dos setores p\u00fablico e privado, universidades, sociedade civil e envolveu diretamente 130 pessoas em 10 f\u00f3runs de debates.<\/p>\n","protected":false},"excerpt":{"rendered":"<p>Um documento de 206 p\u00e1ginas e 14 propostas centrais para o desenvolvimento sustent\u00e1vel da Amaz\u00f4nia est\u00e1 desde nesta quarta-feira (26), \u00e0 disposi\u00e7\u00e3o de quem for eleito presidente da Rep\u00fablica no segundo turno das elei\u00e7\u00f5es deste ano.<\/p>\n","protected":false},"author":226,"featured_media":33480,"comment_status":"closed","ping_status":"closed","sticky":false,"template":"","format":"standard","meta":{"footnotes":""},"categories":[28],"tags":[],"veiculo":[1825],"ano":[1074],"eixos":[],"class_list":["post-33479","post","type-post","status-publish","format-standard","has-post-thumbnail","hentry","category-artigo-externo","veiculo-ecos-da-noticia"],"_links":{"self":[{"href":"https:\/\/concertacaoamazonia.com.br\/en\/wp-json\/wp\/v2\/posts\/33479","targetHints":{"allow":["GET"]}}],"collection":[{"href":"https:\/\/concertacaoamazonia.com.br\/en\/wp-json\/wp\/v2\/posts"}],"about":[{"href":"https:\/\/concertacaoamazonia.com.br\/en\/wp-json\/wp\/v2\/types\/post"}],"author":[{"embeddable":true,"href":"https:\/\/concertacaoamazonia.com.br\/en\/wp-json\/wp\/v2\/users\/226"}],"replies":[{"embeddable":true,"href":"https:\/\/concertacaoamazonia.com.br\/en\/wp-json\/wp\/v2\/comments?post=33479"}],"version-history":[{"count":0,"href":"https:\/\/concertacaoamazonia.com.br\/en\/wp-json\/wp\/v2\/posts\/33479\/revisions"}],"wp:featuredmedia":[{"embeddable":true,"href":"https:\/\/concertacaoamazonia.com.br\/en\/wp-json\/wp\/v2\/media\/33480"}],"wp:attachment":[{"href":"https:\/\/concertacaoamazonia.com.br\/en\/wp-json\/wp\/v2\/media?parent=33479"}],"wp:term":[{"taxonomy":"category","embeddable":true,"href":"https:\/\/concertacaoamazonia.com.br\/en\/wp-json\/wp\/v2\/categories?post=33479"},{"taxonomy":"post_tag","embeddable":true,"href":"https:\/\/concertacaoamazonia.com.br\/en\/wp-json\/wp\/v2\/tags?post=33479"},{"taxonomy":"veiculo","embeddable":true,"href":"https:\/\/concertacaoamazonia.com.br\/en\/wp-json\/wp\/v2\/veiculo?post=33479"},{"taxonomy":"ano","embeddable":true,"href":"https:\/\/concertacaoamazonia.com.br\/en\/wp-json\/wp\/v2\/ano?post=33479"},{"taxonomy":"eixos","embeddable":true,"href":"https:\/\/concertacaoamazonia.com.br\/en\/wp-json\/wp\/v2\/eixos?post=33479"}],"curies":[{"name":"wp","href":"https:\/\/api.w.org\/{rel}","templated":true}]}}