{"id":33460,"date":"2022-10-27T15:36:47","date_gmt":"2022-10-27T18:36:47","guid":{"rendered":"https:\/\/concertacaoamazonia.com.br\/?p=33460"},"modified":"2022-10-27T15:36:49","modified_gmt":"2022-10-27T18:36:49","slug":"preservacao-da-amazonia-passa-por-inclusao-politica-da-regiao-defende-documento","status":"publish","type":"post","link":"https:\/\/concertacaoamazonia.com.br\/en\/2022\/10\/27\/preservacao-da-amazonia-passa-por-inclusao-politica-da-regiao-defende-documento\/","title":{"rendered":"Preserva\u00e7\u00e3o da Amaz\u00f4nia passa por inclus\u00e3o pol\u00edtica da regi\u00e3o, defende documento"},"content":{"rendered":"\n<p>Propostas para a regi\u00e3o amaz\u00f4nica nos primeiros 100 dias de governo foram apresentadas em evento realizado no \u2018Estad\u00e3o\u2019<\/p>\n","protected":false},"excerpt":{"rendered":"<p>A preserva\u00e7\u00e3o da floresta Amaz\u00f4nica passa por uma revis\u00e3o dos modelos de governan\u00e7a, da maneira como lidar com a seguran\u00e7a e pela inclus\u00e3o pol\u00edtica das popula\u00e7\u00f5es da regi\u00e3o. Esses s\u00e3o alguns dos pontos defendidos no documento \u201c100 primeiros dias de governo: propostas para uma agenda integrada das Amaz\u00f4nias\u201d, apresentado nesta quarta-feira, 26.<\/p>\n","protected":false},"author":226,"featured_media":33461,"comment_status":"closed","ping_status":"closed","sticky":false,"template":"","format":"standard","meta":{"footnotes":""},"categories":[28],"tags":[],"veiculo":[711],"ano":[1074],"eixos":[],"class_list":["post-33460","post","type-post","status-publish","format-standard","has-post-thumbnail","hentry","category-artigo-externo","veiculo-estadao"],"_links":{"self":[{"href":"https:\/\/concertacaoamazonia.com.br\/en\/wp-json\/wp\/v2\/posts\/33460","targetHints":{"allow":["GET"]}}],"collection":[{"href":"https:\/\/concertacaoamazonia.com.br\/en\/wp-json\/wp\/v2\/posts"}],"about":[{"href":"https:\/\/concertacaoamazonia.com.br\/en\/wp-json\/wp\/v2\/types\/post"}],"author":[{"embeddable":true,"href":"https:\/\/concertacaoamazonia.com.br\/en\/wp-json\/wp\/v2\/users\/226"}],"replies":[{"embeddable":true,"href":"https:\/\/concertacaoamazonia.com.br\/en\/wp-json\/wp\/v2\/comments?post=33460"}],"version-history":[{"count":0,"href":"https:\/\/concertacaoamazonia.com.br\/en\/wp-json\/wp\/v2\/posts\/33460\/revisions"}],"wp:featuredmedia":[{"embeddable":true,"href":"https:\/\/concertacaoamazonia.com.br\/en\/wp-json\/wp\/v2\/media\/33461"}],"wp:attachment":[{"href":"https:\/\/concertacaoamazonia.com.br\/en\/wp-json\/wp\/v2\/media?parent=33460"}],"wp:term":[{"taxonomy":"category","embeddable":true,"href":"https:\/\/concertacaoamazonia.com.br\/en\/wp-json\/wp\/v2\/categories?post=33460"},{"taxonomy":"post_tag","embeddable":true,"href":"https:\/\/concertacaoamazonia.com.br\/en\/wp-json\/wp\/v2\/tags?post=33460"},{"taxonomy":"veiculo","embeddable":true,"href":"https:\/\/concertacaoamazonia.com.br\/en\/wp-json\/wp\/v2\/veiculo?post=33460"},{"taxonomy":"ano","embeddable":true,"href":"https:\/\/concertacaoamazonia.com.br\/en\/wp-json\/wp\/v2\/ano?post=33460"},{"taxonomy":"eixos","embeddable":true,"href":"https:\/\/concertacaoamazonia.com.br\/en\/wp-json\/wp\/v2\/eixos?post=33460"}],"curies":[{"name":"wp","href":"https:\/\/api.w.org\/{rel}","templated":true}]}}