{"id":33446,"date":"2022-10-27T15:30:44","date_gmt":"2022-10-27T18:30:44","guid":{"rendered":"https:\/\/concertacaoamazonia.com.br\/?p=33446"},"modified":"2022-10-27T15:30:46","modified_gmt":"2022-10-27T18:30:46","slug":"povos-da-amazonia-devem-ser-priorizados-para-que-haja-desenvolvimento-afirma-lider-indigena","status":"publish","type":"post","link":"https:\/\/concertacaoamazonia.com.br\/en\/2022\/10\/27\/povos-da-amazonia-devem-ser-priorizados-para-que-haja-desenvolvimento-afirma-lider-indigena\/","title":{"rendered":"Povos da Amaz\u00f4nia devem ser priorizados para que haja desenvolvimento, afirma l\u00edder ind\u00edgena"},"content":{"rendered":"\n<p>Vanda Witoto participou de evento sobre propostas para o desenvolvimento sustent\u00e1vel na regi\u00e3o<\/p>\n","protected":false},"excerpt":{"rendered":"<p>A falta de perspectivas e o abandono do Estado fazem com que diferentes povos da Amaz\u00f4nia sejam exclu\u00eddos do debate sobre a regi\u00e3o e n\u00e3o compreendam a import\u00e2ncia da sua preserva\u00e7\u00e3o. Segundo a l\u00edder ind\u00edgena do povo Witoto,<\/p>\n","protected":false},"author":226,"featured_media":33449,"comment_status":"closed","ping_status":"closed","sticky":false,"template":"","format":"standard","meta":{"footnotes":""},"categories":[28],"tags":[],"veiculo":[711],"ano":[1074],"eixos":[],"class_list":["post-33446","post","type-post","status-publish","format-standard","has-post-thumbnail","hentry","category-artigo-externo","veiculo-estadao"],"_links":{"self":[{"href":"https:\/\/concertacaoamazonia.com.br\/en\/wp-json\/wp\/v2\/posts\/33446","targetHints":{"allow":["GET"]}}],"collection":[{"href":"https:\/\/concertacaoamazonia.com.br\/en\/wp-json\/wp\/v2\/posts"}],"about":[{"href":"https:\/\/concertacaoamazonia.com.br\/en\/wp-json\/wp\/v2\/types\/post"}],"author":[{"embeddable":true,"href":"https:\/\/concertacaoamazonia.com.br\/en\/wp-json\/wp\/v2\/users\/226"}],"replies":[{"embeddable":true,"href":"https:\/\/concertacaoamazonia.com.br\/en\/wp-json\/wp\/v2\/comments?post=33446"}],"version-history":[{"count":0,"href":"https:\/\/concertacaoamazonia.com.br\/en\/wp-json\/wp\/v2\/posts\/33446\/revisions"}],"wp:featuredmedia":[{"embeddable":true,"href":"https:\/\/concertacaoamazonia.com.br\/en\/wp-json\/wp\/v2\/media\/33449"}],"wp:attachment":[{"href":"https:\/\/concertacaoamazonia.com.br\/en\/wp-json\/wp\/v2\/media?parent=33446"}],"wp:term":[{"taxonomy":"category","embeddable":true,"href":"https:\/\/concertacaoamazonia.com.br\/en\/wp-json\/wp\/v2\/categories?post=33446"},{"taxonomy":"post_tag","embeddable":true,"href":"https:\/\/concertacaoamazonia.com.br\/en\/wp-json\/wp\/v2\/tags?post=33446"},{"taxonomy":"veiculo","embeddable":true,"href":"https:\/\/concertacaoamazonia.com.br\/en\/wp-json\/wp\/v2\/veiculo?post=33446"},{"taxonomy":"ano","embeddable":true,"href":"https:\/\/concertacaoamazonia.com.br\/en\/wp-json\/wp\/v2\/ano?post=33446"},{"taxonomy":"eixos","embeddable":true,"href":"https:\/\/concertacaoamazonia.com.br\/en\/wp-json\/wp\/v2\/eixos?post=33446"}],"curies":[{"name":"wp","href":"https:\/\/api.w.org\/{rel}","templated":true}]}}