{"id":33434,"date":"2022-10-27T14:54:13","date_gmt":"2022-10-27T17:54:13","guid":{"rendered":"https:\/\/concertacaoamazonia.com.br\/?p=33434"},"modified":"2022-10-27T14:54:16","modified_gmt":"2022-10-27T17:54:16","slug":"com-propostas-para-os-primeiros-100-dias-de-governo-concertacao-pela-amazonia-defende-inclusao-politica-da-regiao%ef%bf%bc","status":"publish","type":"post","link":"https:\/\/concertacaoamazonia.com.br\/en\/2022\/10\/27\/com-propostas-para-os-primeiros-100-dias-de-governo-concertacao-pela-amazonia-defende-inclusao-politica-da-regiao%ef%bf%bc\/","title":{"rendered":"Com propostas para os primeiros 100 dias de governo, Concerta\u00e7\u00e3o pela Amaz\u00f4nia defende inclus\u00e3o pol\u00edtica da regi\u00e3o\ufffc"},"content":{"rendered":"\n<p>Documento lan\u00e7ado nesta quarta-feira (26) prop\u00f5e a\u00e7\u00f5es concretas para a Amaz\u00f4nia que podem ser adotadas j\u00e1 no in\u00edcio dos mandatos do Executivo federal e estadual e do Congresso Nacional<\/p>\n","protected":false},"excerpt":{"rendered":"<p>Preservar a maior floresta tropical do mundo, orgulho nacional e com papel fundamental na regula\u00e7\u00e3o do clima global, deve ganhar um novo enfoque ap\u00f3s as elei\u00e7\u00f5es de domingo (30): um foco que passa por uma revis\u00e3o dos modelos de governan\u00e7a, da maneira como lidar com a seguran\u00e7a e pela inclus\u00e3o pol\u00edtica das popula\u00e7\u00f5es da regi\u00e3o. \u00c9 o que defende a iniciativa Uma Concerta\u00e7\u00e3o pela Amaz\u00f4nia, que lan\u00e7ou nesta quarta-feira (26) o documento \u201c100 primeiros dias de governo: propostas para uma agenda integrada das Amaz\u00f4nias\u201d.<\/p>\n","protected":false},"author":226,"featured_media":33435,"comment_status":"closed","ping_status":"closed","sticky":false,"template":"","format":"standard","meta":{"footnotes":""},"categories":[28],"tags":[],"veiculo":[732],"ano":[1074],"eixos":[],"class_list":["post-33434","post","type-post","status-publish","format-standard","has-post-thumbnail","hentry","category-artigo-externo","veiculo-um-so-planeta-globo"],"_links":{"self":[{"href":"https:\/\/concertacaoamazonia.com.br\/en\/wp-json\/wp\/v2\/posts\/33434","targetHints":{"allow":["GET"]}}],"collection":[{"href":"https:\/\/concertacaoamazonia.com.br\/en\/wp-json\/wp\/v2\/posts"}],"about":[{"href":"https:\/\/concertacaoamazonia.com.br\/en\/wp-json\/wp\/v2\/types\/post"}],"author":[{"embeddable":true,"href":"https:\/\/concertacaoamazonia.com.br\/en\/wp-json\/wp\/v2\/users\/226"}],"replies":[{"embeddable":true,"href":"https:\/\/concertacaoamazonia.com.br\/en\/wp-json\/wp\/v2\/comments?post=33434"}],"version-history":[{"count":0,"href":"https:\/\/concertacaoamazonia.com.br\/en\/wp-json\/wp\/v2\/posts\/33434\/revisions"}],"wp:featuredmedia":[{"embeddable":true,"href":"https:\/\/concertacaoamazonia.com.br\/en\/wp-json\/wp\/v2\/media\/33435"}],"wp:attachment":[{"href":"https:\/\/concertacaoamazonia.com.br\/en\/wp-json\/wp\/v2\/media?parent=33434"}],"wp:term":[{"taxonomy":"category","embeddable":true,"href":"https:\/\/concertacaoamazonia.com.br\/en\/wp-json\/wp\/v2\/categories?post=33434"},{"taxonomy":"post_tag","embeddable":true,"href":"https:\/\/concertacaoamazonia.com.br\/en\/wp-json\/wp\/v2\/tags?post=33434"},{"taxonomy":"veiculo","embeddable":true,"href":"https:\/\/concertacaoamazonia.com.br\/en\/wp-json\/wp\/v2\/veiculo?post=33434"},{"taxonomy":"ano","embeddable":true,"href":"https:\/\/concertacaoamazonia.com.br\/en\/wp-json\/wp\/v2\/ano?post=33434"},{"taxonomy":"eixos","embeddable":true,"href":"https:\/\/concertacaoamazonia.com.br\/en\/wp-json\/wp\/v2\/eixos?post=33434"}],"curies":[{"name":"wp","href":"https:\/\/api.w.org\/{rel}","templated":true}]}}